{"id":1080,"date":"2012-01-12T22:40:41","date_gmt":"2012-01-12T20:40:41","guid":{"rendered":"http:\/\/www.lookit.org\/blog\/?p=1080"},"modified":"2012-01-12T22:41:24","modified_gmt":"2012-01-12T20:41:24","slug":"tete-de-bostan-2406m-1280d-et-grand-soleil","status":"publish","type":"post","link":"http:\/\/www.lookit.org\/blog\/?p=1080","title":{"rendered":"Tete de Bostan &#8211; 2406m &#8211; 1280D+ et Grand Soleil !"},"content":{"rendered":"<p>Apr\u00e8s une nocturne cette semaine et 2 autres sorties, La Tete de Bostan : un grand classique, certes. Mais la premi\u00e8re fois avec un grand soleil ! Partis \u00e0 6 pour faire une longue ballade de 1280m de D+ termin\u00e9e en 2h30 avec les pauses. Le seul soucis dans cette ballade : la quantit\u00e9 d&rsquo;avalanches tout autour de nous ! Impossible \u00e0 compter &#8230; le danger est certes omnipr\u00e9sent mais il faut faire avec et cette course malgr\u00e9 sa longueur, ne repr\u00e9sente que peu de danger par rapport \u00e0 d&rsquo;autres courses. Cependant, \u00e0 la descente, les plaques d&rsquo;1m d&rsquo;\u00e9paisseurs \u00e9taient d\u00e9j\u00e0 bien pr\u00e9sentes, on voyait l&rsquo;herbe en dessous &#8230;.. m\u00eame cot\u00e9 nord ! La beaut\u00e9 du paysage sous nos yeux nous a fait oublier ces dangers pendant quelques instants au sommet. La t\u00eate de Bostan : ma premi\u00e8re sortie de ski rando il y a un peu plus d&rsquo;un an &#8230; Qu&rsquo;est ce que j&rsquo;ai pu en chier &#8230; et l\u00e0, plus rien \u00e0 voir, \u00e7a fait plaisir \u00e0 voir &#8230; Un travail r\u00e9compens\u00e9 ! Et dire que j&rsquo;ai commenc\u00e9 en regardant un DVD sur les m\u00e9thodes de ski sur \u00ab\u00a0comment skier hors-piste\u00a0\u00bb ! 14,5 Kms &#8211; 1280m de D+ &#8211; <a href=\"http:\/\/www.lookit.org\/gallerie\/#photo=3817\/album=142\" target=\"_blank\">ICI LES PHOTOS<\/a><\/p>\n<p style=\"text-align: left;\"><!--more--><\/p>\n<p style=\"text-align: center;\"><a href=\"http:\/\/www.lookit.org\/rando_google\/bostan_012012.gpx\">[maptype=G_HYBRID_MAP;gpxview=all;gpxelevationcolor=green]<\/a><\/p>\n","protected":false},"excerpt":{"rendered":"<p>Apr\u00e8s une nocturne cette semaine et 2 autres sorties, La Tete de Bostan : un grand classique, certes. Mais la premi\u00e8re fois avec un grand soleil ! Partis \u00e0 6 pour faire une longue ballade de 1280m de D+ termin\u00e9e en 2h30 avec les pauses. Le seul soucis dans cette ballade : la quantit\u00e9 d&rsquo;avalanches [&hellip;]<\/p>\n","protected":false},"author":1,"featured_media":0,"comment_status":"closed","ping_status":"closed","sticky":false,"template":"","format":"standard","meta":{"jetpack_post_was_ever_published":false,"_jetpack_newsletter_access":"","_jetpack_dont_email_post_to_subs":false,"_jetpack_newsletter_tier_id":0,"_jetpack_memberships_contains_paywalled_content":false,"_jetpack_memberships_contains_paid_content":false,"footnotes":"","jetpack_publicize_message":"","jetpack_publicize_feature_enabled":true,"jetpack_social_post_already_shared":false,"jetpack_social_options":{"image_generator_settings":{"template":"highway","default_image_id":0,"font":"","enabled":false},"version":2}},"categories":[3],"tags":[],"class_list":["post-1080","post","type-post","status-publish","format-standard","hentry","category-sorties"],"jetpack_publicize_connections":[],"jetpack_featured_media_url":"","jetpack_shortlink":"https:\/\/wp.me\/pWrTo-hq","jetpack_sharing_enabled":true,"jetpack_likes_enabled":true,"_links":{"self":[{"href":"http:\/\/www.lookit.org\/blog\/index.php?rest_route=\/wp\/v2\/posts\/1080","targetHints":{"allow":["GET"]}}],"collection":[{"href":"http:\/\/www.lookit.org\/blog\/index.php?rest_route=\/wp\/v2\/posts"}],"about":[{"href":"http:\/\/www.lookit.org\/blog\/index.php?rest_route=\/wp\/v2\/types\/post"}],"author":[{"embeddable":true,"href":"http:\/\/www.lookit.org\/blog\/index.php?rest_route=\/wp\/v2\/users\/1"}],"replies":[{"embeddable":true,"href":"http:\/\/www.lookit.org\/blog\/index.php?rest_route=%2Fwp%2Fv2%2Fcomments&post=1080"}],"version-history":[{"count":0,"href":"http:\/\/www.lookit.org\/blog\/index.php?rest_route=\/wp\/v2\/posts\/1080\/revisions"}],"wp:attachment":[{"href":"http:\/\/www.lookit.org\/blog\/index.php?rest_route=%2Fwp%2Fv2%2Fmedia&parent=1080"}],"wp:term":[{"taxonomy":"category","embeddable":true,"href":"http:\/\/www.lookit.org\/blog\/index.php?rest_route=%2Fwp%2Fv2%2Fcategories&post=1080"},{"taxonomy":"post_tag","embeddable":true,"href":"http:\/\/www.lookit.org\/blog\/index.php?rest_route=%2Fwp%2Fv2%2Ftags&post=1080"}],"curies":[{"name":"wp","href":"https:\/\/api.w.org\/{rel}","templated":true}]}}