{"id":1757,"date":"2012-12-13T05:16:20","date_gmt":"2012-12-13T03:16:20","guid":{"rendered":"http:\/\/www.lookit.org\/blog\/?p=1757"},"modified":"2012-12-13T08:42:46","modified_gmt":"2012-12-13T06:42:46","slug":"pointe-de-la-gay-1801m-122012","status":"publish","type":"post","link":"http:\/\/www.lookit.org\/blog\/?p=1757","title":{"rendered":"Pointe de la Gay &#8211; 1801m &#8211; 122012"},"content":{"rendered":"<p>[hgallery3 id=\u00a0\u00bb5401&Prime; render=\u00a0\u00bbdir\u00a0\u00bb] Une journee comme celle-ci ne pouvait pas \u00eatre mise de cot\u00e9. Pas de nuages pour cette sortie \u00e0 la Pointe de la Gay ! Malgr\u00e9 le froid annonc\u00e9 de -10\u00b0, nous nous sommes malgr\u00e9 tout de m\u00eame decid\u00e9s \u00e0 braver le temps glacial. 800m D+ dans une neige vierge de traces la moiti\u00e9 du temps. La m\u00e9t\u00e9o avait vu juste : couche fraiche de 20 cms sur un manteau qui commence \u00e0 se former. Cependant dans les pentes raides au sud, la neige n&rsquo;est pas encore stable, on se doit d&rsquo;\u00eatre vigilents, plusieurs plaques sont d\u00e9j\u00e0 parties. Le grondement des coups de tonnerre des stations de skis nous ont accompagn\u00e9s au d\u00e9part et c&rsquo;est avec une gde joie que nous avons d\u00e9jeun\u00e9 au sommet, le vent n&rsquo;\u00e9tant pas fort, la doudoune a bien \u00e9t\u00e9 utile, et le d\u00e9but de la descente dans un bon 35-40\u00b0 maxi bien enneig\u00e9. Que du plaisir ! 9 kms et 812 D+.<\/p>\n<p><strong><span style=\"font-size: medium;\"><em><a href=\"http:\/\/www.lookit.org\/gallerie3\/index.php\/Pointe_de_la_Gay_122012\">ICI LES PHOTOS<\/a><\/em><\/span><\/strong> du panorama chablaisien et suisse<\/p>\n<p style=\"text-align: center;\"><a href=\"http:\/\/www.lookit.org\/rando_google\/Pointe_de_la_Gay_122012_Garmin.gpx\">[maptype=G_HYBRID_MAP;gpxview=all;gpxelevationcolor=green]<\/a><\/p>\n","protected":false},"excerpt":{"rendered":"<p>[hgallery3 id=\u00a0\u00bb5401&Prime; render=\u00a0\u00bbdir\u00a0\u00bb] Une journee comme celle-ci ne pouvait pas \u00eatre mise de cot\u00e9. Pas de nuages pour cette sortie \u00e0 la Pointe de la Gay ! Malgr\u00e9 le froid annonc\u00e9 de -10\u00b0, nous nous sommes malgr\u00e9 tout de m\u00eame decid\u00e9s \u00e0 braver le temps glacial. 800m D+ dans une neige vierge de traces la [&hellip;]<\/p>\n","protected":false},"author":1,"featured_media":0,"comment_status":"open","ping_status":"open","sticky":false,"template":"","format":"standard","meta":{"jetpack_post_was_ever_published":false,"_jetpack_newsletter_access":"","_jetpack_dont_email_post_to_subs":false,"_jetpack_newsletter_tier_id":0,"_jetpack_memberships_contains_paywalled_content":false,"_jetpack_memberships_contains_paid_content":false,"footnotes":"","jetpack_publicize_message":"","jetpack_publicize_feature_enabled":true,"jetpack_social_post_already_shared":true,"jetpack_social_options":{"image_generator_settings":{"template":"highway","default_image_id":0,"font":"","enabled":false},"version":2}},"categories":[3],"tags":[],"class_list":["post-1757","post","type-post","status-publish","format-standard","hentry","category-sorties"],"jetpack_publicize_connections":[],"jetpack_featured_media_url":"","jetpack_shortlink":"https:\/\/wp.me\/pWrTo-sl","jetpack_sharing_enabled":true,"jetpack_likes_enabled":true,"_links":{"self":[{"href":"http:\/\/www.lookit.org\/blog\/index.php?rest_route=\/wp\/v2\/posts\/1757","targetHints":{"allow":["GET"]}}],"collection":[{"href":"http:\/\/www.lookit.org\/blog\/index.php?rest_route=\/wp\/v2\/posts"}],"about":[{"href":"http:\/\/www.lookit.org\/blog\/index.php?rest_route=\/wp\/v2\/types\/post"}],"author":[{"embeddable":true,"href":"http:\/\/www.lookit.org\/blog\/index.php?rest_route=\/wp\/v2\/users\/1"}],"replies":[{"embeddable":true,"href":"http:\/\/www.lookit.org\/blog\/index.php?rest_route=%2Fwp%2Fv2%2Fcomments&post=1757"}],"version-history":[{"count":7,"href":"http:\/\/www.lookit.org\/blog\/index.php?rest_route=\/wp\/v2\/posts\/1757\/revisions"}],"predecessor-version":[{"id":1764,"href":"http:\/\/www.lookit.org\/blog\/index.php?rest_route=\/wp\/v2\/posts\/1757\/revisions\/1764"}],"wp:attachment":[{"href":"http:\/\/www.lookit.org\/blog\/index.php?rest_route=%2Fwp%2Fv2%2Fmedia&parent=1757"}],"wp:term":[{"taxonomy":"category","embeddable":true,"href":"http:\/\/www.lookit.org\/blog\/index.php?rest_route=%2Fwp%2Fv2%2Fcategories&post=1757"},{"taxonomy":"post_tag","embeddable":true,"href":"http:\/\/www.lookit.org\/blog\/index.php?rest_route=%2Fwp%2Fv2%2Ftags&post=1757"}],"curies":[{"name":"wp","href":"https:\/\/api.w.org\/{rel}","templated":true}]}}