{"id":1787,"date":"2012-12-19T20:12:33","date_gmt":"2012-12-19T18:12:33","guid":{"rendered":"http:\/\/www.lookit.org\/blog\/?p=1787"},"modified":"2012-12-19T20:15:51","modified_gmt":"2012-12-19T18:15:51","slug":"tracer-et-skier-une-tete-de-bostan-quasi-vierge-cest-pas-tous-les-jours-122012","status":"publish","type":"post","link":"http:\/\/www.lookit.org\/blog\/?p=1787","title":{"rendered":"Tracer et Skier une t\u00eate de Bostan quasi vierge, c&rsquo;est pas tous les jours ! 122012"},"content":{"rendered":"<figure id=\"attachment_1792\" aria-describedby=\"caption-attachment-1792\" style=\"width: 100px\" class=\"wp-caption alignleft\"><a href=\"http:\/\/www.lookit.org\/blog\/?attachment_id=1792\" rel=\"attachment wp-att-1792\"><img loading=\"lazy\" decoding=\"async\" data-attachment-id=\"1792\" data-permalink=\"http:\/\/www.lookit.org\/blog\/?attachment_id=1792\" data-orig-file=\"http:\/\/www.lookit.org\/blog\/wp-content\/uploads\/2012\/12\/DSC000561.jpg\" data-orig-size=\"768,1024\" data-comments-opened=\"1\" data-image-meta=\"{&quot;aperture&quot;:&quot;9&quot;,&quot;credit&quot;:&quot;&quot;,&quot;camera&quot;:&quot;DSC-HX30V&quot;,&quot;caption&quot;:&quot;&quot;,&quot;created_timestamp&quot;:&quot;1355915295&quot;,&quot;copyright&quot;:&quot;&quot;,&quot;focal_length&quot;:&quot;8.17&quot;,&quot;iso&quot;:&quot;100&quot;,&quot;shutter_speed&quot;:&quot;0.002&quot;,&quot;title&quot;:&quot;&quot;}\" data-image-title=\"Juste Blanc\" data-image-description=\"&lt;p&gt;Juste Blanc&lt;\/p&gt;\n\" data-image-caption=\"&lt;p&gt;Juste Blanc&lt;\/p&gt;\n\" data-large-file=\"http:\/\/www.lookit.org\/blog\/wp-content\/uploads\/2012\/12\/DSC000561.jpg\" class=\"size-thumbnail wp-image-1792 \" alt=\"Juste Blanc\" src=\"http:\/\/www.lookit.org\/blog\/wp-content\/uploads\/2012\/12\/DSC000561-100x100.jpg\" width=\"100\" height=\"100\" \/><\/a><figcaption id=\"caption-attachment-1792\" class=\"wp-caption-text\">Juste Blanc<\/figcaption><\/figure>\n<p>Une t\u00eate de Bostan qu&rsquo;il a fallu tracer depuis l&rsquo;Erign\u00e9 jusque la pente de l&rsquo;Avouille ( 1\u00b0 sommet de l&rsquo;ar\u00eate de la T\u00eate de Bostan ) dans une neige &#8230; \u00ab\u00a0parfaite ?\u00a0\u00bb et une descente de l&rsquo;Avouille vierge ! Que demander de plus !!!!!!! Partis \u00e0 5 pour cette t\u00eate de Bostan, certes une grande classique mais dans les conditions actuelles, nous a bien d\u00e9pann\u00e9s ! Le manteau neigeux n&rsquo;\u00e9tait pas si mauvais malgr\u00e9 une belle couche de neige fraiche avec une couche inf\u00e9rieure qui \u00e9tait stable \u00e0 l&rsquo;ombre en tous cas. A part un b\u00e2ton cass\u00e9 lors de la mont\u00e9e, il m&rsquo;a fallu tout redescendre sur l&rsquo;autre b\u00e2ton &#8230; malgr\u00e9 cela : j&rsquo;ai \u00ab\u00a0kiff\u00e9\u00a0\u00bb cette descente ! Ce matin on pouvait compter sur les doigts de la main les personnes \u00e0 Bostan. Un superbe paysage mais surtout 2 belles photos d&rsquo;ombres sur une neige parfaite &#8230; La saison commence bien ! 1230m D+ et 14,5kms. \u00a0<em><strong><a href=\"http:\/\/www.lookit.org\/gallerie3\/index.php\/Tete_de_Bostan_122012\">ICI LES PHOTOS<\/a><\/strong><\/em><\/p>\n<p style=\"text-align: center;\"><a href=\"http:\/\/www.lookit.org\/rando_google\/Tete_de_Bostan_122012.gpx\">[maptype=G_HYBRID_MAP;gpxview=all;gpxelevationcolor=green]<\/a><\/p>\n","protected":false},"excerpt":{"rendered":"<p>Une t\u00eate de Bostan qu&rsquo;il a fallu tracer depuis l&rsquo;Erign\u00e9 jusque la pente de l&rsquo;Avouille ( 1\u00b0 sommet de l&rsquo;ar\u00eate de la T\u00eate de Bostan ) dans une neige &#8230; \u00ab\u00a0parfaite ?\u00a0\u00bb et une descente de l&rsquo;Avouille vierge ! Que demander de plus !!!!!!! Partis \u00e0 5 pour cette t\u00eate de Bostan, certes une grande [&hellip;]<\/p>\n","protected":false},"author":1,"featured_media":0,"comment_status":"open","ping_status":"open","sticky":false,"template":"","format":"standard","meta":{"jetpack_post_was_ever_published":false,"_jetpack_newsletter_access":"","_jetpack_dont_email_post_to_subs":false,"_jetpack_newsletter_tier_id":0,"_jetpack_memberships_contains_paywalled_content":false,"_jetpack_memberships_contains_paid_content":false,"footnotes":"","jetpack_publicize_message":"","jetpack_publicize_feature_enabled":true,"jetpack_social_post_already_shared":true,"jetpack_social_options":{"image_generator_settings":{"template":"highway","default_image_id":0,"font":"","enabled":false},"version":2}},"categories":[3],"tags":[],"class_list":["post-1787","post","type-post","status-publish","format-standard","hentry","category-sorties"],"jetpack_publicize_connections":[],"jetpack_featured_media_url":"","jetpack_shortlink":"https:\/\/wp.me\/pWrTo-sP","jetpack_sharing_enabled":false,"jetpack_likes_enabled":true,"_links":{"self":[{"href":"http:\/\/www.lookit.org\/blog\/index.php?rest_route=\/wp\/v2\/posts\/1787","targetHints":{"allow":["GET"]}}],"collection":[{"href":"http:\/\/www.lookit.org\/blog\/index.php?rest_route=\/wp\/v2\/posts"}],"about":[{"href":"http:\/\/www.lookit.org\/blog\/index.php?rest_route=\/wp\/v2\/types\/post"}],"author":[{"embeddable":true,"href":"http:\/\/www.lookit.org\/blog\/index.php?rest_route=\/wp\/v2\/users\/1"}],"replies":[{"embeddable":true,"href":"http:\/\/www.lookit.org\/blog\/index.php?rest_route=%2Fwp%2Fv2%2Fcomments&post=1787"}],"version-history":[{"count":11,"href":"http:\/\/www.lookit.org\/blog\/index.php?rest_route=\/wp\/v2\/posts\/1787\/revisions"}],"predecessor-version":[{"id":1800,"href":"http:\/\/www.lookit.org\/blog\/index.php?rest_route=\/wp\/v2\/posts\/1787\/revisions\/1800"}],"wp:attachment":[{"href":"http:\/\/www.lookit.org\/blog\/index.php?rest_route=%2Fwp%2Fv2%2Fmedia&parent=1787"}],"wp:term":[{"taxonomy":"category","embeddable":true,"href":"http:\/\/www.lookit.org\/blog\/index.php?rest_route=%2Fwp%2Fv2%2Fcategories&post=1787"},{"taxonomy":"post_tag","embeddable":true,"href":"http:\/\/www.lookit.org\/blog\/index.php?rest_route=%2Fwp%2Fv2%2Ftags&post=1787"}],"curies":[{"name":"wp","href":"https:\/\/api.w.org\/{rel}","templated":true}]}}