{"id":1872,"date":"2013-02-10T19:41:30","date_gmt":"2013-02-10T17:41:30","guid":{"rendered":"http:\/\/www.lookit.org\/blog\/?p=1872"},"modified":"2013-02-10T19:42:19","modified_gmt":"2013-02-10T17:42:19","slug":"pointe-dardens-022013","status":"publish","type":"post","link":"http:\/\/www.lookit.org\/blog\/?p=1872","title":{"rendered":"Pointe d&rsquo;Ardens &#8211; 022013"},"content":{"rendered":"<figure id=\"attachment_1874\" aria-describedby=\"caption-attachment-1874\" style=\"width: 100px\" class=\"wp-caption alignleft\"><a href=\"http:\/\/www.lookit.org\/blog\/?attachment_id=1874\" rel=\"attachment wp-att-1874\"><img loading=\"lazy\" decoding=\"async\" data-attachment-id=\"1874\" data-permalink=\"http:\/\/www.lookit.org\/blog\/?attachment_id=1874\" data-orig-file=\"http:\/\/www.lookit.org\/blog\/wp-content\/uploads\/2013\/02\/DSC00172.jpg\" data-orig-size=\"800,600\" data-comments-opened=\"1\" data-image-meta=\"{&quot;aperture&quot;:&quot;9&quot;,&quot;credit&quot;:&quot;&quot;,&quot;camera&quot;:&quot;DSC-HX30V&quot;,&quot;caption&quot;:&quot;&quot;,&quot;created_timestamp&quot;:&quot;1360502176&quot;,&quot;copyright&quot;:&quot;&quot;,&quot;focal_length&quot;:&quot;5.59&quot;,&quot;iso&quot;:&quot;100&quot;,&quot;shutter_speed&quot;:&quot;0.00125&quot;,&quot;title&quot;:&quot;&quot;}\" data-image-title=\"Pointe d&amp;rsquo;Ardens\" data-image-description=\"&lt;p&gt;Pointe d&amp;rsquo;Ardens&lt;\/p&gt;\n\" data-image-caption=\"&lt;p&gt;Pointe d&amp;rsquo;Ardens&lt;\/p&gt;\n\" data-large-file=\"http:\/\/www.lookit.org\/blog\/wp-content\/uploads\/2013\/02\/DSC00172.jpg\" class=\"size-thumbnail wp-image-1874 \" alt=\"Pointe d'Ardens\" src=\"http:\/\/www.lookit.org\/blog\/wp-content\/uploads\/2013\/02\/DSC00172-100x100.jpg\" width=\"100\" height=\"100\" \/><\/a><figcaption id=\"caption-attachment-1874\" class=\"wp-caption-text\">Pointe d&rsquo;Ardens<\/figcaption><\/figure>\n<p>La travers\u00e9e de la Dent d&rsquo;Oche avec le paquet de neige et une gastro et une courte nuit s&rsquo;av\u00e9rait un peu d\u00e9plac\u00e9e. D&rsquo;ailleurs le lever ne s&rsquo;est pas pass\u00e9 comme pr\u00e9vu puisque je suis rest\u00e9 coll\u00e9 au lit &#8230; jusqu&rsquo;au moment o\u00f9 je re\u00e7ois un texto qui 10 mins plus tard m&rsquo;a emmen\u00e9 en direction de la Pointe d&rsquo;Ardens : petit sommet chablaisien sans difficult\u00e9s majeures et pour un d\u00e9part en fin de matin\u00e9e &#8230; Un vent relativement fort au sommet et une neige tr\u00e8s \u00e9paisse ( les gants plein de neige SANS tomber ! ). Pas envie de collective ce jour ( raz le bol comme d&rsquo;autres des sorties \u00e0 20 personnes mini ), je me suis fait ballader jusqu&rsquo;au sommet &#8230; par contre les dangers de la redescente d\u00fb aux grosses tomb\u00e9es de neige m&rsquo;ont fait reprendre rapidement mes esprits afin de finaliser la course dans de bonnes conditions. Une course dans un coin que je ne connaissais pas &#8230; et o\u00f9 j&rsquo;ai pu voir la fen\u00eatre d&rsquo;Ardens : petit couloir tr\u00e8s sympatique \u00e0 faire rapidement ! 10 kms &#8211; 850 D+<\/p>\n<p>Voici les Photos :\u00a0<a href=\"http:\/\/www.lookit.org\/gallerie3\/index.php\/Pointe_Ardens_022013\"><b>Pointe\u00a0d&rsquo;Ardens<\/b><\/a><\/p>\n<p style=\"text-align: center;\"><a href=\"http:\/\/www.lookit.org\/rando_google\/Pointe_Ardens_022013.gpx\">[maptype=G_HYBRID_MAP;gpxview=all;gpxelevationcolor=green]<\/a><\/p>\n","protected":false},"excerpt":{"rendered":"<p>La travers\u00e9e de la Dent d&rsquo;Oche avec le paquet de neige et une gastro et une courte nuit s&rsquo;av\u00e9rait un peu d\u00e9plac\u00e9e. D&rsquo;ailleurs le lever ne s&rsquo;est pas pass\u00e9 comme pr\u00e9vu puisque je suis rest\u00e9 coll\u00e9 au lit &#8230; jusqu&rsquo;au moment o\u00f9 je re\u00e7ois un texto qui 10 mins plus tard m&rsquo;a emmen\u00e9 en direction [&hellip;]<\/p>\n","protected":false},"author":1,"featured_media":0,"comment_status":"open","ping_status":"open","sticky":false,"template":"","format":"standard","meta":{"jetpack_post_was_ever_published":false,"_jetpack_newsletter_access":"","_jetpack_dont_email_post_to_subs":false,"_jetpack_newsletter_tier_id":0,"_jetpack_memberships_contains_paywalled_content":false,"_jetpack_memberships_contains_paid_content":false,"footnotes":"","jetpack_publicize_message":"","jetpack_publicize_feature_enabled":true,"jetpack_social_post_already_shared":true,"jetpack_social_options":{"image_generator_settings":{"template":"highway","default_image_id":0,"font":"","enabled":false},"version":2}},"categories":[3],"tags":[],"class_list":["post-1872","post","type-post","status-publish","format-standard","hentry","category-sorties"],"jetpack_publicize_connections":[],"jetpack_featured_media_url":"","jetpack_shortlink":"https:\/\/wp.me\/pWrTo-uc","jetpack_sharing_enabled":true,"jetpack_likes_enabled":true,"_links":{"self":[{"href":"http:\/\/www.lookit.org\/blog\/index.php?rest_route=\/wp\/v2\/posts\/1872","targetHints":{"allow":["GET"]}}],"collection":[{"href":"http:\/\/www.lookit.org\/blog\/index.php?rest_route=\/wp\/v2\/posts"}],"about":[{"href":"http:\/\/www.lookit.org\/blog\/index.php?rest_route=\/wp\/v2\/types\/post"}],"author":[{"embeddable":true,"href":"http:\/\/www.lookit.org\/blog\/index.php?rest_route=\/wp\/v2\/users\/1"}],"replies":[{"embeddable":true,"href":"http:\/\/www.lookit.org\/blog\/index.php?rest_route=%2Fwp%2Fv2%2Fcomments&post=1872"}],"version-history":[{"count":3,"href":"http:\/\/www.lookit.org\/blog\/index.php?rest_route=\/wp\/v2\/posts\/1872\/revisions"}],"predecessor-version":[{"id":1876,"href":"http:\/\/www.lookit.org\/blog\/index.php?rest_route=\/wp\/v2\/posts\/1872\/revisions\/1876"}],"wp:attachment":[{"href":"http:\/\/www.lookit.org\/blog\/index.php?rest_route=%2Fwp%2Fv2%2Fmedia&parent=1872"}],"wp:term":[{"taxonomy":"category","embeddable":true,"href":"http:\/\/www.lookit.org\/blog\/index.php?rest_route=%2Fwp%2Fv2%2Fcategories&post=1872"},{"taxonomy":"post_tag","embeddable":true,"href":"http:\/\/www.lookit.org\/blog\/index.php?rest_route=%2Fwp%2Fv2%2Ftags&post=1872"}],"curies":[{"name":"wp","href":"https:\/\/api.w.org\/{rel}","templated":true}]}}