{"id":1954,"date":"2013-03-03T18:55:48","date_gmt":"2013-03-03T16:55:48","guid":{"rendered":"http:\/\/www.lookit.org\/blog\/?p=1954"},"modified":"2013-04-24T09:53:01","modified_gmt":"2013-04-24T07:53:01","slug":"pointe-de-drone-col-des-capucins-032013","status":"publish","type":"post","link":"http:\/\/www.lookit.org\/blog\/?p=1954","title":{"rendered":"Pointe de Drone &#8211; Col des Capucins &#8211; 032013"},"content":{"rendered":"<figure id=\"attachment_1955\" aria-describedby=\"caption-attachment-1955\" style=\"width: 225px\" class=\"wp-caption alignleft\"><a href=\"http:\/\/www.lookit.org\/blog\/?attachment_id=1955\" rel=\"attachment wp-att-1955\"><img loading=\"lazy\" decoding=\"async\" data-attachment-id=\"1955\" data-permalink=\"http:\/\/www.lookit.org\/blog\/?attachment_id=1955\" data-orig-file=\"http:\/\/www.lookit.org\/blog\/wp-content\/uploads\/2013\/03\/DSC00283.jpg\" data-orig-size=\"450,600\" data-comments-opened=\"1\" data-image-meta=\"{&quot;aperture&quot;:&quot;10&quot;,&quot;credit&quot;:&quot;&quot;,&quot;camera&quot;:&quot;DSC-HX30V&quot;,&quot;caption&quot;:&quot;&quot;,&quot;created_timestamp&quot;:&quot;1362317653&quot;,&quot;copyright&quot;:&quot;&quot;,&quot;focal_length&quot;:&quot;10.25&quot;,&quot;iso&quot;:&quot;100&quot;,&quot;shutter_speed&quot;:&quot;0.0025&quot;,&quot;title&quot;:&quot;&quot;}\" data-image-title=\"Trace de Mont\u00e9e \u00e0 la pointe de Drone\" data-image-description=\"&lt;p&gt;Trace de Mont\u00e9e \u00e0 la pointe de Drone&lt;\/p&gt;\n\" data-image-caption=\"&lt;p&gt;Trace de Mont\u00e9e \u00e0 la pointe de Drone&lt;\/p&gt;\n\" data-large-file=\"http:\/\/www.lookit.org\/blog\/wp-content\/uploads\/2013\/03\/DSC00283.jpg\" class=\"size-medium wp-image-1955  \" title=\"&quot;MA&quot; Trace de Mont\u00e9e \u00e0 la pointe de Drone\" alt=\"&quot;MA&quot; Trace de Mont\u00e9e \u00e0 la pointe de Drone\" src=\"http:\/\/www.lookit.org\/blog\/wp-content\/uploads\/2013\/03\/DSC00283-225x300.jpg\" width=\"225\" height=\"300\" srcset=\"http:\/\/www.lookit.org\/blog\/wp-content\/uploads\/2013\/03\/DSC00283-225x300.jpg 225w, http:\/\/www.lookit.org\/blog\/wp-content\/uploads\/2013\/03\/DSC00283-375x500.jpg 375w, http:\/\/www.lookit.org\/blog\/wp-content\/uploads\/2013\/03\/DSC00283.jpg 450w\" sizes=\"auto, (max-width: 225px) 100vw, 225px\" \/><\/a><figcaption id=\"caption-attachment-1955\" class=\"wp-caption-text\">\u00ab\u00a0MA\u00a0\u00bb Trace de Mont\u00e9e \u00e0 la pointe de Drone<\/figcaption><\/figure>\n<p>Une belle journ\u00e9e bronzage \u00e0 la Pointe de Drone en Suisse. Une belle course qui nous a permis de nous mettre au milieu du Massif du Mont Blanc et celui du Gd Combin\/Gd V\u00e9lan. Une jolie sortie. L&rsquo;ar\u00eate finale est quelque peu a\u00e9rienne &#8230; \u00e0 pieds \u00e7a doit \u00eatre plus sympa mais la neige a son cot\u00e9 \u00ab\u00a0sensation\u00a0\u00bb aussi ! 12,5 Kms &#8211; 1200 D+<\/p>\n<p>&nbsp;<\/p>\n<p>&nbsp;<\/p>\n<p>&nbsp;<\/p>\n<p>&nbsp;<\/p>\n<p>&nbsp;<\/p>\n<p>&nbsp;<\/p>\n<p>&nbsp;<\/p>\n<p>&nbsp;<\/p>\n<p>&nbsp;<\/p>\n<p>&nbsp;<\/p>\n<p>[box type=\u00a0\u00bbinfo\u00a0\u00bb] <strong>Voici les Photos :<\/strong> <strong><a href=\"http:\/\/www.lookit.org\/gallerie3\/index.php\/Pointe_de_Drone_032013\">Pointe de Drone et Col des Capucins &#8211; 1200 D+ &#8211; 2949m Alti<\/a> [\/box]<\/strong><\/p>\n<p style=\"text-align: center;\"><a href=\"http:\/\/www.lookit.org\/rando_google\/Pointe_de_Drone_032013.gpx\">[maptype=G_HYBRID_MAP;gpxview=all;gpxelevationcolor=green]<\/a><\/p>\n","protected":false},"excerpt":{"rendered":"<p>Une belle journ\u00e9e bronzage \u00e0 la Pointe de Drone en Suisse. Une belle course qui nous a permis de nous mettre au milieu du Massif du Mont Blanc et celui du Gd Combin\/Gd V\u00e9lan. Une jolie sortie. L&rsquo;ar\u00eate finale est quelque peu a\u00e9rienne &#8230; \u00e0 pieds \u00e7a doit \u00eatre plus sympa mais la neige a [&hellip;]<\/p>\n","protected":false},"author":1,"featured_media":0,"comment_status":"open","ping_status":"open","sticky":false,"template":"","format":"standard","meta":{"jetpack_post_was_ever_published":false,"_jetpack_newsletter_access":"","_jetpack_dont_email_post_to_subs":false,"_jetpack_newsletter_tier_id":0,"_jetpack_memberships_contains_paywalled_content":false,"_jetpack_memberships_contains_paid_content":false,"footnotes":"","jetpack_publicize_message":"","jetpack_publicize_feature_enabled":true,"jetpack_social_post_already_shared":true,"jetpack_social_options":{"image_generator_settings":{"template":"highway","default_image_id":0,"font":"","enabled":false},"version":2}},"categories":[3],"tags":[],"class_list":["post-1954","post","type-post","status-publish","format-standard","hentry","category-sorties"],"jetpack_publicize_connections":[],"jetpack_featured_media_url":"","jetpack_shortlink":"https:\/\/wp.me\/pWrTo-vw","jetpack_sharing_enabled":false,"jetpack_likes_enabled":true,"_links":{"self":[{"href":"http:\/\/www.lookit.org\/blog\/index.php?rest_route=\/wp\/v2\/posts\/1954","targetHints":{"allow":["GET"]}}],"collection":[{"href":"http:\/\/www.lookit.org\/blog\/index.php?rest_route=\/wp\/v2\/posts"}],"about":[{"href":"http:\/\/www.lookit.org\/blog\/index.php?rest_route=\/wp\/v2\/types\/post"}],"author":[{"embeddable":true,"href":"http:\/\/www.lookit.org\/blog\/index.php?rest_route=\/wp\/v2\/users\/1"}],"replies":[{"embeddable":true,"href":"http:\/\/www.lookit.org\/blog\/index.php?rest_route=%2Fwp%2Fv2%2Fcomments&post=1954"}],"version-history":[{"count":9,"href":"http:\/\/www.lookit.org\/blog\/index.php?rest_route=\/wp\/v2\/posts\/1954\/revisions"}],"predecessor-version":[{"id":2033,"href":"http:\/\/www.lookit.org\/blog\/index.php?rest_route=\/wp\/v2\/posts\/1954\/revisions\/2033"}],"wp:attachment":[{"href":"http:\/\/www.lookit.org\/blog\/index.php?rest_route=%2Fwp%2Fv2%2Fmedia&parent=1954"}],"wp:term":[{"taxonomy":"category","embeddable":true,"href":"http:\/\/www.lookit.org\/blog\/index.php?rest_route=%2Fwp%2Fv2%2Fcategories&post=1954"},{"taxonomy":"post_tag","embeddable":true,"href":"http:\/\/www.lookit.org\/blog\/index.php?rest_route=%2Fwp%2Fv2%2Ftags&post=1954"}],"curies":[{"name":"wp","href":"https:\/\/api.w.org\/{rel}","templated":true}]}}