{"id":1984,"date":"2013-03-17T11:31:12","date_gmt":"2013-03-17T09:31:12","guid":{"rendered":"http:\/\/www.lookit.org\/blog\/?p=1984"},"modified":"2013-03-17T11:36:18","modified_gmt":"2013-03-17T09:36:18","slug":"1984","status":"publish","type":"post","link":"http:\/\/www.lookit.org\/blog\/?p=1984","title":{"rendered":"Allalin 4027m &#8211; \u00e0 la journ\u00e9e &#8211; 032013"},"content":{"rendered":"<figure id=\"attachment_1985\" aria-describedby=\"caption-attachment-1985\" style=\"width: 300px\" class=\"wp-caption alignleft\"><a href=\"http:\/\/www.lookit.org\/blog\/?attachment_id=1985\" rel=\"attachment wp-att-1985\"><img loading=\"lazy\" decoding=\"async\" data-attachment-id=\"1985\" data-permalink=\"http:\/\/www.lookit.org\/blog\/?attachment_id=1985\" data-orig-file=\"http:\/\/www.lookit.org\/blog\/wp-content\/uploads\/2013\/03\/SAM_3240.jpg\" data-orig-size=\"800,450\" data-comments-opened=\"1\" data-image-meta=\"{&quot;aperture&quot;:&quot;11.3&quot;,&quot;credit&quot;:&quot;&quot;,&quot;camera&quot;:&quot;SAMSUNG ES80\/SAMSUNG ES81&quot;,&quot;caption&quot;:&quot;&quot;,&quot;created_timestamp&quot;:&quot;1363429175&quot;,&quot;copyright&quot;:&quot;Copyright 2011&quot;,&quot;focal_length&quot;:&quot;7.8&quot;,&quot;iso&quot;:&quot;80&quot;,&quot;shutter_speed&quot;:&quot;0.0057803468208092&quot;,&quot;title&quot;:&quot;&quot;}\" data-image-title=\"Allalin 4027m\" data-image-description=\"&lt;p&gt;Allalin 4027m&lt;\/p&gt;\n\" data-image-caption=\"&lt;p&gt;Allalin 4027m&lt;\/p&gt;\n\" data-large-file=\"http:\/\/www.lookit.org\/blog\/wp-content\/uploads\/2013\/03\/SAM_3240.jpg\" class=\"size-medium wp-image-1985 \" alt=\"Allalin 4027m\" src=\"http:\/\/www.lookit.org\/blog\/wp-content\/uploads\/2013\/03\/SAM_3240-300x168.jpg\" width=\"300\" height=\"168\" srcset=\"http:\/\/www.lookit.org\/blog\/wp-content\/uploads\/2013\/03\/SAM_3240-300x168.jpg 300w, http:\/\/www.lookit.org\/blog\/wp-content\/uploads\/2013\/03\/SAM_3240-500x281.jpg 500w, http:\/\/www.lookit.org\/blog\/wp-content\/uploads\/2013\/03\/SAM_3240.jpg 800w\" sizes=\"auto, (max-width: 300px) 100vw, 300px\" \/><\/a><figcaption id=\"caption-attachment-1985\" class=\"wp-caption-text\">Allalin 4027m<\/figcaption><\/figure>\n<p>Mon 22\u00e8me 4000 et celui-ci \u00e0 la journ\u00e9e &#8211; Certes que 600m de D+ mais l&rsquo;altitude a jou\u00e9 des tours \u00e0 certains de la petite bande du jour &#8230; Dimanche \u00e9tant pourri au niveau de la m\u00e9t\u00e9o, nous avions pr\u00e9vu de partir faire l&rsquo;Alphubel le lendemain. Nous sommes donc partis que pour le samedi faire l&rsquo;Allalin \u00e0 journ\u00e9e. Pas de traces tr\u00e8s fraiches, on devinait des anciennes &#8230; la neige \u00e9tait dure, \u00e7a craquait partout ( petites plaques \u00e0 vent et glace ), devant nous un groupe d&rsquo;une bonne douzaine de personnes ont but\u00e9 au d\u00e9part , juste en bas de la mont\u00e9e &#8230;. SANS CORDE ! j&rsquo;avais d\u00e9cid\u00e9 de prendre par un autre chemin et cela s&rsquo;est av\u00e9r\u00e9 payant &#8230; car sans difficult\u00e9s ( hormis une peau d\u00e9coll\u00e9e de Mister XXXXX en plein glacier ) nous avons atteint le col du Feejoch. L\u00e0, la pente et la glace ne nous ont pas permis de continuer en ski &#8230; c&rsquo;est donc en crampons que nous avons continu\u00e9 la mont\u00e9e jusqu&rsquo;au sommet. Temps magnifique, pas de vent, un bon soleil &#8230; une descente tous encord\u00e9s en ski jusqu&rsquo;\u00e0 la moiti\u00e9 &#8230;. et heureusement qu&rsquo;on l&rsquo;\u00e9tait pour ce jour !!!!!! Arriv\u00e9e \u00e0 Saas-Fee en d\u00e9but d&rsquo;apr\u00e8s midi &#8230; Horaire tenu &#8230; malgr\u00e9 un r\u00e9veil loup\u00e9, 6h de voiture &#8230; Une journ\u00e9e comme je les aime !<\/p>\n<p>&nbsp;<\/p>\n<p>&nbsp;<\/p>\n<p>&nbsp;<\/p>\n<p>&nbsp;<\/p>\n<p>&nbsp;<\/p>\n<p>[box type=\u00a0\u00bbinfo\u00a0\u00bb] <strong>Voici les Photos :<\/strong> <strong><a href=\"http:\/\/www.lookit.org\/gallerie3\/index.php\/Allalin_032013\">Allalin \u00e0 la journ\u00e9e &#8211; 4027m 600D+ 2350D-<\/a> [\/box]<\/strong><\/p>\n<p style=\"text-align: center;\"><a href=\"http:\/\/www.lookit.org\/rando_google\/Allalin_032013.gpx\">[maptype=G_HYBRID_MAP;gpxview=all;gpxelevationcolor=green]<\/a><\/p>\n","protected":false},"excerpt":{"rendered":"<p>Mon 22\u00e8me 4000 et celui-ci \u00e0 la journ\u00e9e &#8211; Certes que 600m de D+ mais l&rsquo;altitude a jou\u00e9 des tours \u00e0 certains de la petite bande du jour &#8230; Dimanche \u00e9tant pourri au niveau de la m\u00e9t\u00e9o, nous avions pr\u00e9vu de partir faire l&rsquo;Alphubel le lendemain. Nous sommes donc partis que pour le samedi faire [&hellip;]<\/p>\n","protected":false},"author":1,"featured_media":0,"comment_status":"open","ping_status":"open","sticky":false,"template":"","format":"standard","meta":{"jetpack_post_was_ever_published":false,"_jetpack_newsletter_access":"","_jetpack_dont_email_post_to_subs":false,"_jetpack_newsletter_tier_id":0,"_jetpack_memberships_contains_paywalled_content":false,"_jetpack_memberships_contains_paid_content":false,"footnotes":"","jetpack_publicize_message":"","jetpack_publicize_feature_enabled":true,"jetpack_social_post_already_shared":true,"jetpack_social_options":{"image_generator_settings":{"template":"highway","default_image_id":0,"font":"","enabled":false},"version":2}},"categories":[3],"tags":[],"class_list":["post-1984","post","type-post","status-publish","format-standard","hentry","category-sorties"],"jetpack_publicize_connections":[],"jetpack_featured_media_url":"","jetpack_shortlink":"https:\/\/wp.me\/sWrTo-1984","jetpack_sharing_enabled":false,"jetpack_likes_enabled":true,"_links":{"self":[{"href":"http:\/\/www.lookit.org\/blog\/index.php?rest_route=\/wp\/v2\/posts\/1984","targetHints":{"allow":["GET"]}}],"collection":[{"href":"http:\/\/www.lookit.org\/blog\/index.php?rest_route=\/wp\/v2\/posts"}],"about":[{"href":"http:\/\/www.lookit.org\/blog\/index.php?rest_route=\/wp\/v2\/types\/post"}],"author":[{"embeddable":true,"href":"http:\/\/www.lookit.org\/blog\/index.php?rest_route=\/wp\/v2\/users\/1"}],"replies":[{"embeddable":true,"href":"http:\/\/www.lookit.org\/blog\/index.php?rest_route=%2Fwp%2Fv2%2Fcomments&post=1984"}],"version-history":[{"count":6,"href":"http:\/\/www.lookit.org\/blog\/index.php?rest_route=\/wp\/v2\/posts\/1984\/revisions"}],"predecessor-version":[{"id":1991,"href":"http:\/\/www.lookit.org\/blog\/index.php?rest_route=\/wp\/v2\/posts\/1984\/revisions\/1991"}],"wp:attachment":[{"href":"http:\/\/www.lookit.org\/blog\/index.php?rest_route=%2Fwp%2Fv2%2Fmedia&parent=1984"}],"wp:term":[{"taxonomy":"category","embeddable":true,"href":"http:\/\/www.lookit.org\/blog\/index.php?rest_route=%2Fwp%2Fv2%2Fcategories&post=1984"},{"taxonomy":"post_tag","embeddable":true,"href":"http:\/\/www.lookit.org\/blog\/index.php?rest_route=%2Fwp%2Fv2%2Ftags&post=1984"}],"curies":[{"name":"wp","href":"https:\/\/api.w.org\/{rel}","templated":true}]}}