{"id":1996,"date":"2013-03-23T07:42:55","date_gmt":"2013-03-23T05:42:55","guid":{"rendered":"http:\/\/www.lookit.org\/blog\/?p=1996"},"modified":"2013-03-23T07:42:55","modified_gmt":"2013-03-23T05:42:55","slug":"aiguille-dargentiere-3901m-a-la-journee-032013","status":"publish","type":"post","link":"http:\/\/www.lookit.org\/blog\/?p=1996","title":{"rendered":"Aiguille d&rsquo;Argenti\u00e8re 3901m &#8211; \u00e0 la journ\u00e9e &#8211; 032013"},"content":{"rendered":"<figure id=\"attachment_1998\" aria-describedby=\"caption-attachment-1998\" style=\"width: 225px\" class=\"wp-caption alignleft\"><a href=\"http:\/\/www.lookit.org\/blog\/?attachment_id=1998\" rel=\"attachment wp-att-1998\"><img loading=\"lazy\" decoding=\"async\" data-attachment-id=\"1998\" data-permalink=\"http:\/\/www.lookit.org\/blog\/?attachment_id=1998\" data-orig-file=\"http:\/\/www.lookit.org\/blog\/wp-content\/uploads\/2013\/03\/DSC00312.jpg\" data-orig-size=\"450,600\" data-comments-opened=\"1\" data-image-meta=\"{&quot;aperture&quot;:&quot;8&quot;,&quot;credit&quot;:&quot;&quot;,&quot;camera&quot;:&quot;DSC-HX30V&quot;,&quot;caption&quot;:&quot;&quot;,&quot;created_timestamp&quot;:&quot;1363962853&quot;,&quot;copyright&quot;:&quot;&quot;,&quot;focal_length&quot;:&quot;4.45&quot;,&quot;iso&quot;:&quot;100&quot;,&quot;shutter_speed&quot;:&quot;0.00125&quot;,&quot;title&quot;:&quot;&quot;}\" data-image-title=\"La verte depuis l&amp;rsquo;Aiguille d&amp;rsquo;Argenti\u00e8re\" data-image-description=\"&lt;p&gt;La verte depuis l&amp;rsquo;Aiguille d&amp;rsquo;Argenti\u00e8re&lt;\/p&gt;\n\" data-image-caption=\"&lt;p&gt;La verte depuis l&amp;rsquo;Aiguille d&amp;rsquo;Argenti\u00e8re&lt;\/p&gt;\n\" data-large-file=\"http:\/\/www.lookit.org\/blog\/wp-content\/uploads\/2013\/03\/DSC00312.jpg\" class=\"size-medium wp-image-1998  \" alt=\"Les droites et la Verte depuis l'Aiguille d'Argenti\u00e8re\" src=\"http:\/\/www.lookit.org\/blog\/wp-content\/uploads\/2013\/03\/DSC00312-225x300.jpg\" width=\"225\" height=\"300\" srcset=\"http:\/\/www.lookit.org\/blog\/wp-content\/uploads\/2013\/03\/DSC00312-225x300.jpg 225w, http:\/\/www.lookit.org\/blog\/wp-content\/uploads\/2013\/03\/DSC00312-375x500.jpg 375w, http:\/\/www.lookit.org\/blog\/wp-content\/uploads\/2013\/03\/DSC00312.jpg 450w\" sizes=\"auto, (max-width: 225px) 100vw, 225px\" \/><\/a><figcaption id=\"caption-attachment-1998\" class=\"wp-caption-text\">Les droites et la Verte depuis l&rsquo;Aiguille d&rsquo;Argenti\u00e8re<\/figcaption><\/figure>\n<p>Ca faisait un long moment que je voulais la faire &#8230; les conditions m\u00e9t\u00e9os n&rsquo;\u00e9tant pas tr\u00e8s bonnes ce jour, les ascensions d\u00e9licates ou expos\u00e9es n&rsquo;\u00e9taient pas recommand\u00e9es mais nous voulions monter en altitude et faire quelque chose \u00a0de sympa \u00e0 la journ\u00e9e ! Le choix de l&rsquo;Aiguille d&rsquo;Argenti\u00e8re \u00e9tait le bon &#8230; Malgr\u00e9 son altitude assez \u00e9lev\u00e9e \u00e0 quasi 4000m, le manque d&rsquo;acclimatation et la m\u00e9t\u00e9o relativement mauvaise nous avons tout de m\u00eame r\u00e9ussi \u00e0 acc\u00e9der au sommet. Nous \u00e9tions peu nombreux : 8 personnes ce jour donc 4 fran\u00e7ais. 2 ayant au la premi\u00e8re benne &#8230; ils ont fait la trace pour s&rsquo;arr\u00eater 10m avant le sommet \u00ab\u00a0on y va ou pas\u00a0\u00bb, arrivant juste derri\u00e8re &#8230; nous ne savions pas trop quoi faire : \u00ab\u00a0on va pas leur piquer le sommet alors qu&rsquo;ils ont fait la trace\u00a0\u00bb &#8230; Mais ils ont mis du temps \u00e0 se d\u00e9cider et le vent assez fort nous a aider \u00e0 finir les quelques m\u00e8tres. Ils nous ont rejoint ensuite,et les remerciements pour la trace car l&rsquo;\u00e9paisseur de le neige \u00e9tait cons\u00e9quente &#8230; Et apr\u00e8s quelques blabla, il s&rsquo;est av\u00e9r\u00e9 que je connaissais les personnes : formation CAF ! C&rsquo;est fou la vie ! On \u00e9change quelques d\u00e9tails techniques sur notre mat\u00e9riel et direction la descente &#8230; Nous avons d\u00e9t\u00e9st\u00e9 \u00e0 ce moment la m\u00e9t\u00e9o qui 1h avant nous a dissuad\u00e9 ( \u00e0 cause de la non visibilit\u00e9 \u00e0 10m ) de finir avec les skis au somment et nous les a fait poser juste avant le couloir. Tant pis pour le couloir \u00e0 ski \u00e0 45\u00b0 &#8230; faisable ce jour l\u00e0 ! La suite de la descente jusqu&rsquo;\u00e0 la station \u00e9tait TRES TRES m\u00e9diocre sur la partie basse du glacier du milieu, le restant \u00e0 Argenti\u00e8re : comme \u00e0 l&rsquo;accoutum\u00e9e sur les pistes de ski : A CHIER ! Je n&rsquo;arrive toujours pas \u00e0 comprendre comment on peut aimer skier sur les pistes ! Quoi qu&rsquo;il en soit, les 1400m de D+ se sont fait sentir , un pti mal au cr\u00e2ne \u00e0 3600m qui s&rsquo;est vite dissip\u00e9 &#8230; mais un somment \u00e0 14h et 21kms !<\/p>\n<p>[box type=\u00a0\u00bbinfo\u00a0\u00bb] <strong>Voici les Photos :<\/strong> <strong><a href=\"http:\/\/www.lookit.org\/gallerie3\/index.php\/Aiguille_Argentiere_032013\">Aiguille d&rsquo;Argenti\u00e8re 3901m &#8211; \u00e0 la journ\u00e9e &#8211; 032013 &#8211; 1400D+<\/a> [\/box]<\/strong><\/p>\n<p style=\"text-align: center;\"><a href=\"http:\/\/www.lookit.org\/rando_google\/Aiguille_Argentiere_032013.gpx\">[maptype=G_HYBRID_MAP;gpxview=all;gpxelevationcolor=green]<\/a><\/p>\n","protected":false},"excerpt":{"rendered":"<p>Ca faisait un long moment que je voulais la faire &#8230; les conditions m\u00e9t\u00e9os n&rsquo;\u00e9tant pas tr\u00e8s bonnes ce jour, les ascensions d\u00e9licates ou expos\u00e9es n&rsquo;\u00e9taient pas recommand\u00e9es mais nous voulions monter en altitude et faire quelque chose \u00a0de sympa \u00e0 la journ\u00e9e ! Le choix de l&rsquo;Aiguille d&rsquo;Argenti\u00e8re \u00e9tait le bon &#8230; Malgr\u00e9 son [&hellip;]<\/p>\n","protected":false},"author":1,"featured_media":0,"comment_status":"open","ping_status":"open","sticky":false,"template":"","format":"standard","meta":{"jetpack_post_was_ever_published":false,"_jetpack_newsletter_access":"","_jetpack_dont_email_post_to_subs":false,"_jetpack_newsletter_tier_id":0,"_jetpack_memberships_contains_paywalled_content":false,"_jetpack_memberships_contains_paid_content":false,"footnotes":"","jetpack_publicize_message":"","jetpack_publicize_feature_enabled":true,"jetpack_social_post_already_shared":true,"jetpack_social_options":{"image_generator_settings":{"template":"highway","default_image_id":0,"font":"","enabled":false},"version":2}},"categories":[3],"tags":[],"class_list":["post-1996","post","type-post","status-publish","format-standard","hentry","category-sorties"],"jetpack_publicize_connections":[],"jetpack_featured_media_url":"","jetpack_shortlink":"https:\/\/wp.me\/pWrTo-wc","jetpack_sharing_enabled":false,"jetpack_likes_enabled":true,"_links":{"self":[{"href":"http:\/\/www.lookit.org\/blog\/index.php?rest_route=\/wp\/v2\/posts\/1996","targetHints":{"allow":["GET"]}}],"collection":[{"href":"http:\/\/www.lookit.org\/blog\/index.php?rest_route=\/wp\/v2\/posts"}],"about":[{"href":"http:\/\/www.lookit.org\/blog\/index.php?rest_route=\/wp\/v2\/types\/post"}],"author":[{"embeddable":true,"href":"http:\/\/www.lookit.org\/blog\/index.php?rest_route=\/wp\/v2\/users\/1"}],"replies":[{"embeddable":true,"href":"http:\/\/www.lookit.org\/blog\/index.php?rest_route=%2Fwp%2Fv2%2Fcomments&post=1996"}],"version-history":[{"count":7,"href":"http:\/\/www.lookit.org\/blog\/index.php?rest_route=\/wp\/v2\/posts\/1996\/revisions"}],"predecessor-version":[{"id":2004,"href":"http:\/\/www.lookit.org\/blog\/index.php?rest_route=\/wp\/v2\/posts\/1996\/revisions\/2004"}],"wp:attachment":[{"href":"http:\/\/www.lookit.org\/blog\/index.php?rest_route=%2Fwp%2Fv2%2Fmedia&parent=1996"}],"wp:term":[{"taxonomy":"category","embeddable":true,"href":"http:\/\/www.lookit.org\/blog\/index.php?rest_route=%2Fwp%2Fv2%2Fcategories&post=1996"},{"taxonomy":"post_tag","embeddable":true,"href":"http:\/\/www.lookit.org\/blog\/index.php?rest_route=%2Fwp%2Fv2%2Ftags&post=1996"}],"curies":[{"name":"wp","href":"https:\/\/api.w.org\/{rel}","templated":true}]}}