{"id":2007,"date":"2013-04-01T07:23:55","date_gmt":"2013-04-01T05:23:55","guid":{"rendered":"http:\/\/www.lookit.org\/blog\/?p=2007"},"modified":"2013-04-01T07:23:55","modified_gmt":"2013-04-01T05:23:55","slug":"mont-rogneux-3081m-032013","status":"publish","type":"post","link":"http:\/\/www.lookit.org\/blog\/?p=2007","title":{"rendered":"Mont Rogneux &#8211; 3081m &#8211; 032013"},"content":{"rendered":"<figure id=\"attachment_2008\" aria-describedby=\"caption-attachment-2008\" style=\"width: 300px\" class=\"wp-caption alignleft\"><a href=\"http:\/\/www.lookit.org\/blog\/?attachment_id=2008\" rel=\"attachment wp-att-2008\"><img loading=\"lazy\" decoding=\"async\" data-attachment-id=\"2008\" data-permalink=\"http:\/\/www.lookit.org\/blog\/?attachment_id=2008\" data-orig-file=\"http:\/\/www.lookit.org\/blog\/wp-content\/uploads\/2013\/04\/DSC00319.jpg\" data-orig-size=\"800,600\" data-comments-opened=\"1\" data-image-meta=\"{&quot;aperture&quot;:&quot;9&quot;,&quot;credit&quot;:&quot;&quot;,&quot;camera&quot;:&quot;DSC-HX30V&quot;,&quot;caption&quot;:&quot;&quot;,&quot;created_timestamp&quot;:&quot;1364730522&quot;,&quot;copyright&quot;:&quot;&quot;,&quot;focal_length&quot;:&quot;8.65&quot;,&quot;iso&quot;:&quot;100&quot;,&quot;shutter_speed&quot;:&quot;0.001&quot;,&quot;title&quot;:&quot;&quot;}\" data-image-title=\"Mont Rogneux\" data-image-description=\"&lt;p&gt;Mont Rogneux&lt;\/p&gt;\n\" data-image-caption=\"&lt;p&gt;Mont Rogneux&lt;\/p&gt;\n\" data-large-file=\"http:\/\/www.lookit.org\/blog\/wp-content\/uploads\/2013\/04\/DSC00319.jpg\" class=\"size-medium wp-image-2008 \" alt=\"Mont Rogneux\" src=\"http:\/\/www.lookit.org\/blog\/wp-content\/uploads\/2013\/04\/DSC00319-300x225.jpg\" width=\"300\" height=\"225\" srcset=\"http:\/\/www.lookit.org\/blog\/wp-content\/uploads\/2013\/04\/DSC00319-300x225.jpg 300w, http:\/\/www.lookit.org\/blog\/wp-content\/uploads\/2013\/04\/DSC00319-500x375.jpg 500w, http:\/\/www.lookit.org\/blog\/wp-content\/uploads\/2013\/04\/DSC00319.jpg 800w\" sizes=\"auto, (max-width: 300px) 100vw, 300px\" \/><\/a><figcaption id=\"caption-attachment-2008\" class=\"wp-caption-text\">Mont Rogneux<\/figcaption><\/figure>\n<p>Fallait \u00eatre fou pour ne pas sortir en ce dimanche de P\u00e2ques ! Un calme de folie &#8230; et \u00e0 peine de quinzaine de personnes crois\u00e9es sur ce superbe sommet culminant \u00e0 3081m ! La m\u00e9t\u00e9o annon\u00e7ait un temps de chien en ce d\u00e9but de journ\u00e9e mais en \u00e9tudiant un peu plus cette m\u00e9t\u00e9o, on pouvait lire que la pluie se limitait \u00e0 700m et que le beau temps serait pr\u00e9sent \u00e0 11h. Le Rogneux \u00e9tait LE sommet \u00e0 faire en ce jour !!!! ( Petit clin d&rsquo;oeil \u00e0 certains hihihihi ). La mont\u00e9e sous la neige puis dans le brouillard en faisant une petite trace jusqu&rsquo;\u00e0 la Cabane Brunet, l\u00e0 un bon chocolat chaud en pantoufles, et 1h apr\u00e8s : malgr\u00e9 le brouillard, la d\u00e9cision a \u00e9t\u00e9 prise d&rsquo;y aller tout de m\u00eame ( en faisant confiance \u00e0 ma m\u00e9t\u00e9o ) : et effectivement, \u00e7a n&rsquo;a pas loup\u00e9 : 100m de D+ ensuite : le ciel se d\u00e9gage et l\u00e0 : paysage somptueux, magnifique et vierge se d\u00e9couvrant peu \u00e0 peu &#8230; Cependant, un tel paysage peu cacher parfois des choses : les grondements des cassures de plaques \u00e9taientt omnipr\u00e9sents &#8230; dire que toutes les 5mins ou 10mins il y avait un grondement pas tr\u00e8s loin n&rsquo;\u00e9tait pas exag\u00e9r\u00e9. Mais notre trace \u00e9tait tr\u00e8s safe, une petite avalanche a quand m\u00eame eu lieu et s&rsquo;est termin\u00e9e 50m \u00e0 cot\u00e9 de la trace. Personne n&rsquo;a fait le sommet : la quantit\u00e9 \u00e9norme de neige ( 1m \u00e0 cet endroit, 40cms au refuge ) n&rsquo;attendait que de partir en plaques. Nous avons essay\u00e9 de monter un peu , mais les grondements sous les pas nous ont fait rebrousser chemin \u00e0 100m du sommet ! Pas grave, la descente nous a fait totalement oublier cela ! Une neige parfaite, pas de foule, 4 courageux dans la voiture, une bonne ambiance &#8230;. que demander de plus ! Je n&rsquo;ose pas penser au monde qu&rsquo;il y aura ce lundi f\u00e9ri\u00e9 et les dangers encore plus pr\u00e9sents avec le soleil !!! 1700 D+ &#8211; 20 kms &#8211; cram\u00e9 par le soleil !<\/p>\n<p>[box type=\u00a0\u00bbinfo\u00a0\u00bb] <strong>Voici les Photos :<\/strong> <strong><a href=\"http:\/\/www.lookit.org\/gallerie3\/index.php\/Rogneux_032013\">Rogneux &#8211; sans le sommet &#8211; 1700m D+ &#8211; 032013<\/a> [\/box]<\/strong><\/p>\n<p style=\"text-align: center;\"><a href=\"http:\/\/www.lookit.org\/rando_google\/Rogneux_032013.gpx\">[maptype=G_HYBRID_MAP;gpxview=all;gpxelevationcolor=green]<\/a><\/p>\n","protected":false},"excerpt":{"rendered":"<p>Fallait \u00eatre fou pour ne pas sortir en ce dimanche de P\u00e2ques ! Un calme de folie &#8230; et \u00e0 peine de quinzaine de personnes crois\u00e9es sur ce superbe sommet culminant \u00e0 3081m ! La m\u00e9t\u00e9o annon\u00e7ait un temps de chien en ce d\u00e9but de journ\u00e9e mais en \u00e9tudiant un peu plus cette m\u00e9t\u00e9o, on [&hellip;]<\/p>\n","protected":false},"author":1,"featured_media":0,"comment_status":"open","ping_status":"open","sticky":false,"template":"","format":"standard","meta":{"jetpack_post_was_ever_published":false,"_jetpack_newsletter_access":"","_jetpack_dont_email_post_to_subs":false,"_jetpack_newsletter_tier_id":0,"_jetpack_memberships_contains_paywalled_content":false,"_jetpack_memberships_contains_paid_content":false,"footnotes":"","jetpack_publicize_message":"","jetpack_publicize_feature_enabled":true,"jetpack_social_post_already_shared":true,"jetpack_social_options":{"image_generator_settings":{"template":"highway","default_image_id":0,"font":"","enabled":false},"version":2}},"categories":[3],"tags":[],"class_list":["post-2007","post","type-post","status-publish","format-standard","hentry","category-sorties"],"jetpack_publicize_connections":[],"jetpack_featured_media_url":"","jetpack_shortlink":"https:\/\/wp.me\/pWrTo-wn","jetpack_sharing_enabled":true,"jetpack_likes_enabled":true,"_links":{"self":[{"href":"http:\/\/www.lookit.org\/blog\/index.php?rest_route=\/wp\/v2\/posts\/2007","targetHints":{"allow":["GET"]}}],"collection":[{"href":"http:\/\/www.lookit.org\/blog\/index.php?rest_route=\/wp\/v2\/posts"}],"about":[{"href":"http:\/\/www.lookit.org\/blog\/index.php?rest_route=\/wp\/v2\/types\/post"}],"author":[{"embeddable":true,"href":"http:\/\/www.lookit.org\/blog\/index.php?rest_route=\/wp\/v2\/users\/1"}],"replies":[{"embeddable":true,"href":"http:\/\/www.lookit.org\/blog\/index.php?rest_route=%2Fwp%2Fv2%2Fcomments&post=2007"}],"version-history":[{"count":6,"href":"http:\/\/www.lookit.org\/blog\/index.php?rest_route=\/wp\/v2\/posts\/2007\/revisions"}],"predecessor-version":[{"id":2014,"href":"http:\/\/www.lookit.org\/blog\/index.php?rest_route=\/wp\/v2\/posts\/2007\/revisions\/2014"}],"wp:attachment":[{"href":"http:\/\/www.lookit.org\/blog\/index.php?rest_route=%2Fwp%2Fv2%2Fmedia&parent=2007"}],"wp:term":[{"taxonomy":"category","embeddable":true,"href":"http:\/\/www.lookit.org\/blog\/index.php?rest_route=%2Fwp%2Fv2%2Fcategories&post=2007"},{"taxonomy":"post_tag","embeddable":true,"href":"http:\/\/www.lookit.org\/blog\/index.php?rest_route=%2Fwp%2Fv2%2Ftags&post=2007"}],"curies":[{"name":"wp","href":"https:\/\/api.w.org\/{rel}","templated":true}]}}