{"id":2087,"date":"2013-06-18T13:23:00","date_gmt":"2013-06-18T11:23:00","guid":{"rendered":"http:\/\/www.lookit.org\/blog\/?p=2087"},"modified":"2013-06-18T22:06:10","modified_gmt":"2013-06-18T20:06:10","slug":"multi-familles-en-charette-le-long-du-canal-du-rhone-au-rhin-110kms-062013","status":"publish","type":"post","link":"http:\/\/www.lookit.org\/blog\/?p=2087","title":{"rendered":"Multi-familles en charette le long du Canal du Rhone au Rhin &#8211; 110kms &#8211; 062013"},"content":{"rendered":"<figure id=\"attachment_2089\" aria-describedby=\"caption-attachment-2089\" style=\"width: 300px\" class=\"wp-caption alignleft\"><a href=\"http:\/\/www.lookit.org\/blog\/?attachment_id=2089\" rel=\"attachment wp-att-2089\"><img loading=\"lazy\" decoding=\"async\" data-attachment-id=\"2089\" data-permalink=\"http:\/\/www.lookit.org\/blog\/?attachment_id=2089\" data-orig-file=\"http:\/\/www.lookit.org\/blog\/wp-content\/uploads\/2013\/06\/DSC01056.jpg\" data-orig-size=\"800,600\" data-comments-opened=\"1\" data-image-meta=\"{&quot;aperture&quot;:&quot;3.2&quot;,&quot;credit&quot;:&quot;&quot;,&quot;camera&quot;:&quot;DSC-HX30V&quot;,&quot;caption&quot;:&quot;&quot;,&quot;created_timestamp&quot;:&quot;1371295061&quot;,&quot;copyright&quot;:&quot;&quot;,&quot;focal_length&quot;:&quot;4.45&quot;,&quot;iso&quot;:&quot;100&quot;,&quot;shutter_speed&quot;:&quot;0.001&quot;,&quot;title&quot;:&quot;&quot;}\" data-image-title=\"Marckolsheim &amp;#8211; 062013\" data-image-description=\"&lt;p&gt;Marckolsheim &amp;#8211; 062013&lt;\/p&gt;\n\" data-image-caption=\"&lt;p&gt;Marckolsheim &amp;#8211; 062013&lt;\/p&gt;\n\" data-large-file=\"http:\/\/www.lookit.org\/blog\/wp-content\/uploads\/2013\/06\/DSC01056.jpg\" class=\"size-medium wp-image-2089 \" alt=\"Marckolsheim - 062013\" src=\"http:\/\/www.lookit.org\/blog\/wp-content\/uploads\/2013\/06\/DSC01056-300x225.jpg\" width=\"300\" height=\"225\" srcset=\"http:\/\/www.lookit.org\/blog\/wp-content\/uploads\/2013\/06\/DSC01056-300x225.jpg 300w, http:\/\/www.lookit.org\/blog\/wp-content\/uploads\/2013\/06\/DSC01056-500x375.jpg 500w, http:\/\/www.lookit.org\/blog\/wp-content\/uploads\/2013\/06\/DSC01056.jpg 800w\" sizes=\"auto, (max-width: 300px) 100vw, 300px\" \/><\/a><figcaption id=\"caption-attachment-2089\" class=\"wp-caption-text\">Marckolsheim &#8211; 062013<\/figcaption><\/figure>\n<p>Enfin un week end en charette \u00e0 plusieurs &#8230; le choix de la destination s&rsquo;est fait par rapport au d\u00e9paysement possible. Ce f\u00fbt le cas puisque nous sommes all\u00e9s en Alsace : en partant de Marckolsheim apr\u00e8s plus de 4h de voiture le samedi matin et pour finir \u00e0 Strasbourg le soir m\u00eame apr\u00e8s 55kms de v\u00e9lo le long du Canal du Rhon au Rhin &#8230; Le samedi f\u00fbt une journ\u00e9e assez longue : voiture, v\u00e9lo et repas du soir dans Strasbourg. En fin d&rsquo;apr\u00e8s midi nous \u00e9tions tous heureux d&rsquo;\u00eatre arriv\u00e9s \u00e0 bon port et prendre une bonne douche !! Le repas du soir : 7 flammekueches. entre celles au miel, au munster, au chocolat , \u00e0 la banane , l&rsquo;entr\u00e9e et la glace du dessert &#8230; \u00e0 cela s&rsquo;ajoute la fatigue des enfants &#8230; Malgr\u00e9 tout, le retour du resto avec un coucher sublime, rempli de couleurs rouges vives, s&rsquo;est bien pass\u00e9 mais \u00e0 petite allure : le ventre TROP plein. Le lendemain &#8230; sans partir trop tard, le soleil \u00e9tait d\u00e9j\u00e0 au rendez-vous &#8230; et ce f\u00fbt sous un caniard ( pas pr\u00e9vu &#8230; la m\u00e9t\u00e9o nous indiquait 50% de nuages ) que nous avons fini les 55 kmsdu retour &#8230; Chargement rapide des voitures, direction &#8230; le Mac Do \ud83d\ude42 pour se rafraichir et direction Thonon d&rsquo;une traite ! Tout le monde est bien rentr\u00e9, fatigu\u00e9, un peu \u00e9nerv\u00e9 par la chaleur &#8230; On retiendra qu&rsquo;Esteban n&rsquo;aime pas DU TOUT la chaleur ( de qui il tient cela ? \ud83d\ude42 ). Malgr\u00e9 tout, quelques souvenirs photos &#8230; un bon repas le samedi &#8230; et 110kms dans les pattes. L&rsquo;Alsace c&rsquo;est joli &#8230; mais pas en \u00e9t\u00e9 !<br \/>\n[box type=\u00a0\u00bbinfo\u00a0\u00bb] <strong>Voici les Photos :<\/strong> <strong><a href=\"http:\/\/www.lookit.org\/gallerie3\/index.php\/Esteban\/Velo_Canal_Rhone_Rhin_062013\">110 kms &#8211; 120 D+<\/a> [\/box]<\/strong><\/p>\n<p style=\"text-align: center;\"><a href=\"http:\/\/www.lookit.org\/rando_google\/Velo_Canal_Rhone_Rhin_062013.gpx\">[maptype=G_HYBRID_MAP;gpxview=all;gpxelevationcolor=green]<\/a><\/p>\n","protected":false},"excerpt":{"rendered":"<p>Enfin un week end en charette \u00e0 plusieurs &#8230; le choix de la destination s&rsquo;est fait par rapport au d\u00e9paysement possible. Ce f\u00fbt le cas puisque nous sommes all\u00e9s en Alsace : en partant de Marckolsheim apr\u00e8s plus de 4h de voiture le samedi matin et pour finir \u00e0 Strasbourg le soir m\u00eame apr\u00e8s 55kms [&hellip;]<\/p>\n","protected":false},"author":1,"featured_media":0,"comment_status":"open","ping_status":"open","sticky":false,"template":"","format":"standard","meta":{"jetpack_post_was_ever_published":false,"_jetpack_newsletter_access":"","_jetpack_dont_email_post_to_subs":false,"_jetpack_newsletter_tier_id":0,"_jetpack_memberships_contains_paywalled_content":false,"_jetpack_memberships_contains_paid_content":false,"footnotes":"","jetpack_publicize_message":"","jetpack_publicize_feature_enabled":true,"jetpack_social_post_already_shared":true,"jetpack_social_options":{"image_generator_settings":{"template":"highway","default_image_id":0,"font":"","enabled":false},"version":2}},"categories":[3],"tags":[],"class_list":["post-2087","post","type-post","status-publish","format-standard","hentry","category-sorties"],"jetpack_publicize_connections":[],"jetpack_featured_media_url":"","jetpack_shortlink":"https:\/\/wp.me\/pWrTo-xF","jetpack_sharing_enabled":true,"jetpack_likes_enabled":true,"_links":{"self":[{"href":"http:\/\/www.lookit.org\/blog\/index.php?rest_route=\/wp\/v2\/posts\/2087","targetHints":{"allow":["GET"]}}],"collection":[{"href":"http:\/\/www.lookit.org\/blog\/index.php?rest_route=\/wp\/v2\/posts"}],"about":[{"href":"http:\/\/www.lookit.org\/blog\/index.php?rest_route=\/wp\/v2\/types\/post"}],"author":[{"embeddable":true,"href":"http:\/\/www.lookit.org\/blog\/index.php?rest_route=\/wp\/v2\/users\/1"}],"replies":[{"embeddable":true,"href":"http:\/\/www.lookit.org\/blog\/index.php?rest_route=%2Fwp%2Fv2%2Fcomments&post=2087"}],"version-history":[{"count":7,"href":"http:\/\/www.lookit.org\/blog\/index.php?rest_route=\/wp\/v2\/posts\/2087\/revisions"}],"predecessor-version":[{"id":2095,"href":"http:\/\/www.lookit.org\/blog\/index.php?rest_route=\/wp\/v2\/posts\/2087\/revisions\/2095"}],"wp:attachment":[{"href":"http:\/\/www.lookit.org\/blog\/index.php?rest_route=%2Fwp%2Fv2%2Fmedia&parent=2087"}],"wp:term":[{"taxonomy":"category","embeddable":true,"href":"http:\/\/www.lookit.org\/blog\/index.php?rest_route=%2Fwp%2Fv2%2Fcategories&post=2087"},{"taxonomy":"post_tag","embeddable":true,"href":"http:\/\/www.lookit.org\/blog\/index.php?rest_route=%2Fwp%2Fv2%2Ftags&post=2087"}],"curies":[{"name":"wp","href":"https:\/\/api.w.org\/{rel}","templated":true}]}}