{"id":2098,"date":"2013-08-18T18:17:59","date_gmt":"2013-08-18T16:17:59","guid":{"rendered":"http:\/\/www.lookit.org\/blog\/?p=2098"},"modified":"2013-08-18T18:30:29","modified_gmt":"2013-08-18T16:30:29","slug":"lacs-de-la-case-dent-doche-18082013","status":"publish","type":"post","link":"http:\/\/www.lookit.org\/blog\/?p=2098","title":{"rendered":"Lacs de la Case &#8211; Dent d&rsquo;Oche &#8211; 18082013"},"content":{"rendered":"<figure id=\"attachment_2099\" aria-describedby=\"caption-attachment-2099\" style=\"width: 180px\" class=\"wp-caption alignleft\"><a href=\"http:\/\/www.lookit.org\/blog\/?attachment_id=2099\" rel=\"attachment wp-att-2099\"><img loading=\"lazy\" decoding=\"async\" data-attachment-id=\"2099\" data-permalink=\"http:\/\/www.lookit.org\/blog\/?attachment_id=2099\" data-orig-file=\"http:\/\/www.lookit.org\/blog\/wp-content\/uploads\/2013\/08\/photo-1.jpg\" data-orig-size=\"450,600\" data-comments-opened=\"1\" data-image-meta=\"{&quot;aperture&quot;:&quot;2.4&quot;,&quot;credit&quot;:&quot;&quot;,&quot;camera&quot;:&quot;iPhone 5&quot;,&quot;caption&quot;:&quot;&quot;,&quot;created_timestamp&quot;:&quot;1376825801&quot;,&quot;copyright&quot;:&quot;&quot;,&quot;focal_length&quot;:&quot;4.12&quot;,&quot;iso&quot;:&quot;50&quot;,&quot;shutter_speed&quot;:&quot;0.00047892720306513&quot;,&quot;title&quot;:&quot;&quot;}\" data-image-title=\"Lacs de la Case\" data-image-description=\"&lt;p&gt;Lacs de la Case&lt;\/p&gt;\n\" data-image-caption=\"&lt;p&gt;Lacs de la Case&lt;\/p&gt;\n\" data-large-file=\"http:\/\/www.lookit.org\/blog\/wp-content\/uploads\/2013\/08\/photo-1.jpg\" class=\" wp-image-2099 \" alt=\"Lacs de la Case\" src=\"http:\/\/www.lookit.org\/blog\/wp-content\/uploads\/2013\/08\/photo-1-225x300.jpg\" width=\"180\" height=\"240\" srcset=\"http:\/\/www.lookit.org\/blog\/wp-content\/uploads\/2013\/08\/photo-1-225x300.jpg 225w, http:\/\/www.lookit.org\/blog\/wp-content\/uploads\/2013\/08\/photo-1-375x500.jpg 375w, http:\/\/www.lookit.org\/blog\/wp-content\/uploads\/2013\/08\/photo-1.jpg 450w\" sizes=\"auto, (max-width: 180px) 100vw, 180px\" \/><\/a><figcaption id=\"caption-attachment-2099\" class=\"wp-caption-text\">Lacs de la Case<\/figcaption><\/figure>\n<p>Un Panorama de la Dent d&rsquo;Oche et du Chateau d&rsquo;Oche \u00e0 partir des Lacs de la Case &#8211; 65 Photos de base &#8211; Premi\u00e8re rando pour Esteban qui s&rsquo;est d\u00e9roul\u00e9e sans probl\u00e8mes &#8230; hormis le poids pour nous : Esteban avec moi et le reste y compris tr\u00e9pied + t\u00eate panoramique dans le sac de Caro &#8230; Oui il ne faut rien oublier ! Une m\u00e9t\u00e9o presque trop chaude, heureusement que les quelques nuages sont venus nous \u00ab\u00a0rafraichir\u00a0\u00bb. Beaucoup de touristes &#8230; Le parking de la Fetiu\u00e8re \u00e9tait blind\u00e9 ! La mont\u00e9e f\u00fbt assez rapide en fait &#8230; je croyais mettre plus de temps et Esteban a gard\u00e9 les yeux ouverts tout le trajet, il n&rsquo;a rien manqu\u00e9 du paysage sauf au retour o\u00f9 le d\u00e9but d&rsquo;apr\u00e8m apr\u00e8s son repas \u00e9tait le moment fatidique pour lui et mes cuisses pour essayer de descendre le plus tranquillement possible sans secousses. Une belle premi\u00e8re sortie &#8230; \u00e7a promet pour la suite ! D&rsquo;autres parts : le test du Sony DSC-HX50V \u00e9tait pas mal du tout : le test du zoom en 30x optique + 30X num\u00e9rique \u00e9tait une belle r\u00e9ussite, j&rsquo;ai mis 2 exemples dans la s\u00e9rie de photos. Ainsi que la rapidit\u00e9 de la mise au point pour le gigapan. J&rsquo;attends la sortie de la t\u00e9l\u00e9commande pour le time-lapse et il sera complet ! Un bon remplacement du HX30V US.<\/p>\n<p>[box type=\u00a0\u00bbinfo\u00a0\u00bb] <strong>Voici les Photos :<\/strong> <strong><a href=\"http:\/\/www.lookit.org\/gallerie3\/index.php\/Esteban\/Lacs_de_la_Case_18082013\">600 D+<\/a> [\/box]<\/strong><\/p>\n<p>[iframe src=\u00a0\u00bbhttp:\/\/www.gigapan.com\/gigapans\/137681\/snapshots\/336949\/options\/fullscreen\/iframe\/flash.html?height=250&Prime; frameborder=\u00a0\u00bb0&Prime; height=\u00a0\u00bb410&Prime; scrolling=\u00a0\u00bbno\u00a0\u00bb width=\u00a0\u00bb100%\u00a0\u00bb]<\/p>\n<p>[wp_geo_map]<\/p>\n","protected":false},"excerpt":{"rendered":"<p>Un Panorama de la Dent d&rsquo;Oche et du Chateau d&rsquo;Oche \u00e0 partir des Lacs de la Case &#8211; 65 Photos de base &#8211; Premi\u00e8re rando pour Esteban qui s&rsquo;est d\u00e9roul\u00e9e sans probl\u00e8mes &#8230; hormis le poids pour nous : Esteban avec moi et le reste y compris tr\u00e9pied + t\u00eate panoramique dans le sac de [&hellip;]<\/p>\n","protected":false},"author":1,"featured_media":0,"comment_status":"open","ping_status":"open","sticky":false,"template":"","format":"standard","meta":{"jetpack_post_was_ever_published":false,"_jetpack_newsletter_access":"","_jetpack_dont_email_post_to_subs":false,"_jetpack_newsletter_tier_id":0,"_jetpack_memberships_contains_paywalled_content":false,"_jetpack_memberships_contains_paid_content":false,"footnotes":"","jetpack_publicize_message":"","jetpack_publicize_feature_enabled":true,"jetpack_social_post_already_shared":true,"jetpack_social_options":{"image_generator_settings":{"template":"highway","default_image_id":0,"font":"","enabled":false},"version":2}},"categories":[3],"tags":[],"class_list":["post-2098","post","type-post","status-publish","format-standard","hentry","category-sorties"],"jetpack_publicize_connections":[],"jetpack_featured_media_url":"","jetpack_shortlink":"https:\/\/wp.me\/pWrTo-xQ","jetpack_sharing_enabled":true,"jetpack_likes_enabled":true,"_links":{"self":[{"href":"http:\/\/www.lookit.org\/blog\/index.php?rest_route=\/wp\/v2\/posts\/2098","targetHints":{"allow":["GET"]}}],"collection":[{"href":"http:\/\/www.lookit.org\/blog\/index.php?rest_route=\/wp\/v2\/posts"}],"about":[{"href":"http:\/\/www.lookit.org\/blog\/index.php?rest_route=\/wp\/v2\/types\/post"}],"author":[{"embeddable":true,"href":"http:\/\/www.lookit.org\/blog\/index.php?rest_route=\/wp\/v2\/users\/1"}],"replies":[{"embeddable":true,"href":"http:\/\/www.lookit.org\/blog\/index.php?rest_route=%2Fwp%2Fv2%2Fcomments&post=2098"}],"version-history":[{"count":5,"href":"http:\/\/www.lookit.org\/blog\/index.php?rest_route=\/wp\/v2\/posts\/2098\/revisions"}],"predecessor-version":[{"id":2104,"href":"http:\/\/www.lookit.org\/blog\/index.php?rest_route=\/wp\/v2\/posts\/2098\/revisions\/2104"}],"wp:attachment":[{"href":"http:\/\/www.lookit.org\/blog\/index.php?rest_route=%2Fwp%2Fv2%2Fmedia&parent=2098"}],"wp:term":[{"taxonomy":"category","embeddable":true,"href":"http:\/\/www.lookit.org\/blog\/index.php?rest_route=%2Fwp%2Fv2%2Fcategories&post=2098"},{"taxonomy":"post_tag","embeddable":true,"href":"http:\/\/www.lookit.org\/blog\/index.php?rest_route=%2Fwp%2Fv2%2Ftags&post=2098"}],"curies":[{"name":"wp","href":"https:\/\/api.w.org\/{rel}","templated":true}]}}