{"id":2127,"date":"2013-09-29T04:29:09","date_gmt":"2013-09-29T02:29:09","guid":{"rendered":"http:\/\/www.lookit.org\/blog\/?p=2127"},"modified":"2013-09-29T04:29:09","modified_gmt":"2013-09-29T02:29:09","slug":"pointe-de-trechauffex-lac-leman-et-panorama-092013","status":"publish","type":"post","link":"http:\/\/www.lookit.org\/blog\/?p=2127","title":{"rendered":"Pointe de Tr\u00e9chauffex &#8211; Lac L\u00e9man et panorama &#8211; 092013"},"content":{"rendered":"<figure id=\"attachment_2129\" aria-describedby=\"caption-attachment-2129\" style=\"width: 300px\" class=\"wp-caption alignleft\"><a href=\"http:\/\/www.lookit.org\/blog\/?attachment_id=2129\" rel=\"attachment wp-att-2129\"><img loading=\"lazy\" decoding=\"async\" data-attachment-id=\"2129\" data-permalink=\"http:\/\/www.lookit.org\/blog\/?attachment_id=2129\" data-orig-file=\"http:\/\/www.lookit.org\/blog\/wp-content\/uploads\/2013\/09\/DSC01271.jpg\" data-orig-size=\"1024,768\" data-comments-opened=\"1\" data-image-meta=\"{&quot;aperture&quot;:&quot;4&quot;,&quot;credit&quot;:&quot;&quot;,&quot;camera&quot;:&quot;DSC-HX50V&quot;,&quot;caption&quot;:&quot;&quot;,&quot;created_timestamp&quot;:&quot;1380364380&quot;,&quot;copyright&quot;:&quot;&quot;,&quot;focal_length&quot;:&quot;5.88&quot;,&quot;iso&quot;:&quot;80&quot;,&quot;shutter_speed&quot;:&quot;0.0015625&quot;,&quot;title&quot;:&quot;&quot;}\" data-image-title=\"Pointe de Tr\u00e9chauffex\" data-image-description=\"&lt;p&gt;Pointe de Tr\u00e9chauffex&lt;\/p&gt;\n\" data-image-caption=\"&lt;p&gt;Pointe de Tr\u00e9chauffex&lt;\/p&gt;\n\" data-large-file=\"http:\/\/www.lookit.org\/blog\/wp-content\/uploads\/2013\/09\/DSC01271.jpg\" class=\"size-medium wp-image-2129 \" alt=\"Pointe de Tr\u00e9chauffex\" src=\"http:\/\/www.lookit.org\/blog\/wp-content\/uploads\/2013\/09\/DSC01271-300x225.jpg\" width=\"300\" height=\"225\" srcset=\"http:\/\/www.lookit.org\/blog\/wp-content\/uploads\/2013\/09\/DSC01271-300x225.jpg 300w, http:\/\/www.lookit.org\/blog\/wp-content\/uploads\/2013\/09\/DSC01271-500x375.jpg 500w, http:\/\/www.lookit.org\/blog\/wp-content\/uploads\/2013\/09\/DSC01271.jpg 1024w\" sizes=\"auto, (max-width: 300px) 100vw, 300px\" \/><\/a><figcaption id=\"caption-attachment-2129\" class=\"wp-caption-text\">Pointe de Tr\u00e9chauffex<\/figcaption><\/figure>\n<p>Apr\u00e8s une semaine bien charg\u00e9e, il fallait profiter de cette superbe m\u00e9t\u00e9o &#8230; 15\u00b0 au d\u00e9part, la temp\u00e9rature parfaite pour une belle petite sortie en famille. Une ballade \u00e0 la pointe de Tr\u00e9chauffex, certes rien d&rsquo;extravagant mais qui a son inter\u00eat tout de m\u00eame : pas trop long pour qu&rsquo;Esteban se r\u00e2le pas et pas trop court pour ne pas voir passer la ballade. Vue sur le Lac L\u00e9man qui \u00e9tait sous une petite brume ( et pas nous ! \ud83d\ude42 ), un panorama de la vall\u00e9e ( 60 Photos, j&rsquo;y prends gout \u00e0 ces panoramas &#8230; ) et quelques superbes photos d&rsquo;un enfant content ! La petite rando nous a laisser du temps pour se reposer l&rsquo;apr\u00e8s midi, il fait sa 2\u00b0 dent &#8230; et malgr\u00e9 cela, le sourire \u00e9tait au rendez vous m\u00eame si le reveil \u00e9tait assez t\u00f4t. Il n&rsquo;y a que la m\u00e8re qui n&rsquo;a pas les m\u00eames horaires de r\u00e9veil que nous ! \u00e7a promet dans quelques ann\u00e9es ou mois d\u00e9j\u00e0 ! A bient\u00f4t.<\/p>\n<p>&nbsp;<\/p>\n<p>&nbsp;<\/p>\n<p>&nbsp;<\/p>\n<p>&nbsp;<\/p>\n<p>&nbsp;<\/p>\n<p>&nbsp;<\/p>\n<p>[box type=\u00a0\u00bbinfo\u00a0\u00bb] <strong>Voici les Photos :<\/strong> <strong><a href=\"http:\/\/www.lookit.org\/gallerie3\/index.php\/Esteban\/Pointe_Trechauffex_092013\">PAR ICI LES PHOTOS<\/a> [\/box]<\/strong><\/p>\n<p>[iframe src=\u00a0\u00bbhttp:\/\/www.gigapan.com\/gigapans\/141336\/snapshots\/336949\/options\/fullscreen\/iframe\/flash.html?height=250&Prime; frameborder=\u00a0\u00bb0&Prime; height=\u00a0\u00bb410&Prime; scrolling=\u00a0\u00bbno\u00a0\u00bb width=\u00a0\u00bb100%\u00a0\u00bb]<\/p>\n","protected":false},"excerpt":{"rendered":"<p>Apr\u00e8s une semaine bien charg\u00e9e, il fallait profiter de cette superbe m\u00e9t\u00e9o &#8230; 15\u00b0 au d\u00e9part, la temp\u00e9rature parfaite pour une belle petite sortie en famille. Une ballade \u00e0 la pointe de Tr\u00e9chauffex, certes rien d&rsquo;extravagant mais qui a son inter\u00eat tout de m\u00eame : pas trop long pour qu&rsquo;Esteban se r\u00e2le pas et pas [&hellip;]<\/p>\n","protected":false},"author":1,"featured_media":0,"comment_status":"open","ping_status":"open","sticky":false,"template":"","format":"standard","meta":{"jetpack_post_was_ever_published":false,"_jetpack_newsletter_access":"","_jetpack_dont_email_post_to_subs":false,"_jetpack_newsletter_tier_id":0,"_jetpack_memberships_contains_paywalled_content":false,"_jetpack_memberships_contains_paid_content":false,"footnotes":"","jetpack_publicize_message":"","jetpack_publicize_feature_enabled":true,"jetpack_social_post_already_shared":true,"jetpack_social_options":{"image_generator_settings":{"template":"highway","default_image_id":0,"font":"","enabled":false},"version":2}},"categories":[3],"tags":[],"class_list":["post-2127","post","type-post","status-publish","format-standard","hentry","category-sorties"],"jetpack_publicize_connections":[],"jetpack_featured_media_url":"","jetpack_shortlink":"https:\/\/wp.me\/pWrTo-yj","jetpack_sharing_enabled":true,"jetpack_likes_enabled":true,"_links":{"self":[{"href":"http:\/\/www.lookit.org\/blog\/index.php?rest_route=\/wp\/v2\/posts\/2127","targetHints":{"allow":["GET"]}}],"collection":[{"href":"http:\/\/www.lookit.org\/blog\/index.php?rest_route=\/wp\/v2\/posts"}],"about":[{"href":"http:\/\/www.lookit.org\/blog\/index.php?rest_route=\/wp\/v2\/types\/post"}],"author":[{"embeddable":true,"href":"http:\/\/www.lookit.org\/blog\/index.php?rest_route=\/wp\/v2\/users\/1"}],"replies":[{"embeddable":true,"href":"http:\/\/www.lookit.org\/blog\/index.php?rest_route=%2Fwp%2Fv2%2Fcomments&post=2127"}],"version-history":[{"count":6,"href":"http:\/\/www.lookit.org\/blog\/index.php?rest_route=\/wp\/v2\/posts\/2127\/revisions"}],"predecessor-version":[{"id":2134,"href":"http:\/\/www.lookit.org\/blog\/index.php?rest_route=\/wp\/v2\/posts\/2127\/revisions\/2134"}],"wp:attachment":[{"href":"http:\/\/www.lookit.org\/blog\/index.php?rest_route=%2Fwp%2Fv2%2Fmedia&parent=2127"}],"wp:term":[{"taxonomy":"category","embeddable":true,"href":"http:\/\/www.lookit.org\/blog\/index.php?rest_route=%2Fwp%2Fv2%2Fcategories&post=2127"},{"taxonomy":"post_tag","embeddable":true,"href":"http:\/\/www.lookit.org\/blog\/index.php?rest_route=%2Fwp%2Fv2%2Ftags&post=2127"}],"curies":[{"name":"wp","href":"https:\/\/api.w.org\/{rel}","templated":true}]}}