{"id":2147,"date":"2013-10-20T07:34:59","date_gmt":"2013-10-20T05:34:59","guid":{"rendered":"http:\/\/www.lookit.org\/blog\/?p=2147"},"modified":"2013-12-15T14:14:35","modified_gmt":"2013-12-15T12:14:35","slug":"col-de-bise-multi-familles-bise-from-sky-102013","status":"publish","type":"post","link":"http:\/\/www.lookit.org\/blog\/?p=2147","title":{"rendered":"Col de Bise &#8211; Multi familles &#8211; Bise from Sky &#8211; 102013"},"content":{"rendered":"<figure id=\"attachment_2148\" aria-describedby=\"caption-attachment-2148\" style=\"width: 300px\" class=\"wp-caption alignleft\"><a href=\"http:\/\/www.lookit.org\/blog\/?attachment_id=2148\" rel=\"attachment wp-att-2148\"><img loading=\"lazy\" decoding=\"async\" data-attachment-id=\"2148\" data-permalink=\"http:\/\/www.lookit.org\/blog\/?attachment_id=2148\" data-orig-file=\"http:\/\/www.lookit.org\/blog\/wp-content\/uploads\/2013\/10\/DSC01378.jpg\" data-orig-size=\"800,600\" data-comments-opened=\"1\" data-image-meta=\"{&quot;aperture&quot;:&quot;3.5&quot;,&quot;credit&quot;:&quot;&quot;,&quot;camera&quot;:&quot;DSC-HX50V&quot;,&quot;caption&quot;:&quot;&quot;,&quot;created_timestamp&quot;:&quot;1382190042&quot;,&quot;copyright&quot;:&quot;&quot;,&quot;focal_length&quot;:&quot;4.3&quot;,&quot;iso&quot;:&quot;80&quot;,&quot;shutter_speed&quot;:&quot;0.001&quot;,&quot;title&quot;:&quot;&quot;}\" data-image-title=\"Col de Bise\" data-image-description=\"&lt;p&gt;Col de Bise&lt;\/p&gt;\n\" data-image-caption=\"&lt;p&gt;Col de Bise&lt;\/p&gt;\n\" data-large-file=\"http:\/\/www.lookit.org\/blog\/wp-content\/uploads\/2013\/10\/DSC01378.jpg\" class=\"size-medium wp-image-2148 \" alt=\"Col de Bise\" src=\"http:\/\/www.lookit.org\/blog\/wp-content\/uploads\/2013\/10\/DSC01378-300x225.jpg\" width=\"300\" height=\"225\" srcset=\"http:\/\/www.lookit.org\/blog\/wp-content\/uploads\/2013\/10\/DSC01378-300x225.jpg 300w, http:\/\/www.lookit.org\/blog\/wp-content\/uploads\/2013\/10\/DSC01378-500x375.jpg 500w, http:\/\/www.lookit.org\/blog\/wp-content\/uploads\/2013\/10\/DSC01378.jpg 800w\" sizes=\"auto, (max-width: 300px) 100vw, 300px\" \/><\/a><figcaption id=\"caption-attachment-2148\" class=\"wp-caption-text\">Col de Bise<\/figcaption><\/figure>\n<p>On profite du beau temps, \u00e0 l&rsquo;arrache on d\u00e9colle et on passe voir A. ( notre ami qui s&rsquo;occupe du refuge ) pour un pti coucou qui se termine en \u00ab\u00a0bon on y va avec tous les enfants\u00a0\u00bb ! Direction BISE pour tester le panorama \u00e0 360\u00b0 \u00ab\u00a0from sky\u00a0\u00bb du Col de Bise et faire une vid\u00e9o des Cornettes \u00ab\u00a0from sky\u00a0\u00bb. Malgr\u00e9 un poids d&rsquo;une bonne quizaine de kilos ( Esteban, le dr\u00f4ne, la radio, batterie : \u00e7a me fait les cuisses pour le ski ), nous sommes all\u00e9s au Col de Bise, juste en dessous de la Pointe de Pavis. Le fun ne m&rsquo;a donn\u00e9 la possibilit\u00e9 de faire le 360\u00b0 du ciel que je voilais, beaucoup trop de vent, je l&rsquo;ai donc fait plus bas dans le vallon. Le test de video au Cornettes s&rsquo;est bien pass\u00e9 aussi ( premi\u00e8re grosse sortie \u00e0 700m de D+ , mais la vue sur le vallon et les alentours \u00e0 2000m d&rsquo;altitude \u00e9tait tr\u00e8s jolie, la vid\u00e9o suivra. Quelques tests encore pour r\u00e9cup\u00e9rer \u00ab\u00a0le ciel d&rsquo;en bas afin de l&rsquo;ajouter au 360\u00b0 d&rsquo;en haut\u00a0\u00bb pour le 360\u00b0. Une rando sympa, facile &#8230; et un bien gros bouquetin encore en ballade &#8230; \u00e0 profiter des brindilles avant l&rsquo;hiver qui nous a gentillement laiss\u00e9 quelques centim\u00e8tres de neige ! La nature : il n&rsquo;y a que \u00e7a de vrai !<br \/>\n&nbsp;<\/p>\n<p>&nbsp;<\/p>\n<p>[box type=\u00a0\u00bbinfo\u00a0\u00bb] <strong>Voici les Photos :<\/strong> <strong><a href=\"http:\/\/www.lookit.org\/blog\/?page_id=2143\">PAR ICI LE PANORAMA vue du ciel \u00e0 360\u00b0 de Bise<\/a> ainsi que nos quelques photos <strong><a href=\"http:\/\/www.lookit.org\/gallerie3\/index.php\/Esteban\/Col_Bise_102013\">PAR ICI<\/a><\/strong> et la video en HD<a href=\"https:\/\/vimeo.com\/77321650\" target=\"_blank\"> PAR ICI <\/a>[\/box]<\/strong><\/p>\n<p style=\"text-align: center;\">[jwplayer config=\u00a0\u00bbmyplayer\u00a0\u00bb file=\u00a0\u00bbhttp:\/\/www.lookit.org\/videos\/flv\/Cornettes_rush_f550_102013.flv\u00a0\u00bb]<\/p>\n<p>[wp_geo_map]<\/p>\n","protected":false},"excerpt":{"rendered":"<p>On profite du beau temps, \u00e0 l&rsquo;arrache on d\u00e9colle et on passe voir A. ( notre ami qui s&rsquo;occupe du refuge ) pour un pti coucou qui se termine en \u00ab\u00a0bon on y va avec tous les enfants\u00a0\u00bb ! Direction BISE pour tester le panorama \u00e0 360\u00b0 \u00ab\u00a0from sky\u00a0\u00bb du Col de Bise et faire [&hellip;]<\/p>\n","protected":false},"author":1,"featured_media":0,"comment_status":"open","ping_status":"open","sticky":false,"template":"","format":"standard","meta":{"jetpack_post_was_ever_published":false,"_jetpack_newsletter_access":"","_jetpack_dont_email_post_to_subs":false,"_jetpack_newsletter_tier_id":0,"_jetpack_memberships_contains_paywalled_content":false,"_jetpack_memberships_contains_paid_content":false,"footnotes":"","jetpack_publicize_message":"","jetpack_publicize_feature_enabled":true,"jetpack_social_post_already_shared":true,"jetpack_social_options":{"image_generator_settings":{"template":"highway","default_image_id":0,"font":"","enabled":false},"version":2}},"categories":[6],"tags":[],"class_list":["post-2147","post","type-post","status-publish","format-standard","hentry","category-photographie"],"jetpack_publicize_connections":[],"jetpack_featured_media_url":"","jetpack_shortlink":"https:\/\/wp.me\/pWrTo-yD","jetpack_sharing_enabled":true,"jetpack_likes_enabled":true,"_links":{"self":[{"href":"http:\/\/www.lookit.org\/blog\/index.php?rest_route=\/wp\/v2\/posts\/2147","targetHints":{"allow":["GET"]}}],"collection":[{"href":"http:\/\/www.lookit.org\/blog\/index.php?rest_route=\/wp\/v2\/posts"}],"about":[{"href":"http:\/\/www.lookit.org\/blog\/index.php?rest_route=\/wp\/v2\/types\/post"}],"author":[{"embeddable":true,"href":"http:\/\/www.lookit.org\/blog\/index.php?rest_route=\/wp\/v2\/users\/1"}],"replies":[{"embeddable":true,"href":"http:\/\/www.lookit.org\/blog\/index.php?rest_route=%2Fwp%2Fv2%2Fcomments&post=2147"}],"version-history":[{"count":7,"href":"http:\/\/www.lookit.org\/blog\/index.php?rest_route=\/wp\/v2\/posts\/2147\/revisions"}],"predecessor-version":[{"id":2182,"href":"http:\/\/www.lookit.org\/blog\/index.php?rest_route=\/wp\/v2\/posts\/2147\/revisions\/2182"}],"wp:attachment":[{"href":"http:\/\/www.lookit.org\/blog\/index.php?rest_route=%2Fwp%2Fv2%2Fmedia&parent=2147"}],"wp:term":[{"taxonomy":"category","embeddable":true,"href":"http:\/\/www.lookit.org\/blog\/index.php?rest_route=%2Fwp%2Fv2%2Fcategories&post=2147"},{"taxonomy":"post_tag","embeddable":true,"href":"http:\/\/www.lookit.org\/blog\/index.php?rest_route=%2Fwp%2Fv2%2Ftags&post=2147"}],"curies":[{"name":"wp","href":"https:\/\/api.w.org\/{rel}","templated":true}]}}