{"id":2187,"date":"2013-12-21T22:37:41","date_gmt":"2013-12-21T20:37:41","guid":{"rendered":"http:\/\/www.lookit.org\/blog\/?p=2187"},"modified":"2013-12-21T22:37:41","modified_gmt":"2013-12-21T20:37:41","slug":"pointe-ratti-en-ski-360-from-sky-de-la-via-ferrata-de-st-jean-daulps-122013","status":"publish","type":"post","link":"http:\/\/www.lookit.org\/blog\/?p=2187","title":{"rendered":"Pointe Ratti en ski &#8211; 360\u00b0 from sky de la Via Ferrata de St Jean d&rsquo;Aulps &#8211; 122013"},"content":{"rendered":"<figure id=\"attachment_2188\" aria-describedby=\"caption-attachment-2188\" style=\"width: 300px\" class=\"wp-caption alignleft\"><a href=\"http:\/\/www.lookit.org\/blog\/?attachment_id=2188\" rel=\"attachment wp-att-2188\"><img loading=\"lazy\" decoding=\"async\" data-attachment-id=\"2188\" data-permalink=\"http:\/\/www.lookit.org\/blog\/?attachment_id=2188\" data-orig-file=\"http:\/\/www.lookit.org\/blog\/wp-content\/uploads\/2013\/12\/Capture-d\u2019e\u0301cran-2013-12-21-a\u0300-21.25.43.png\" data-orig-size=\"1010,630\" data-comments-opened=\"1\" data-image-meta=\"{&quot;aperture&quot;:&quot;0&quot;,&quot;credit&quot;:&quot;&quot;,&quot;camera&quot;:&quot;&quot;,&quot;caption&quot;:&quot;&quot;,&quot;created_timestamp&quot;:&quot;0&quot;,&quot;copyright&quot;:&quot;&quot;,&quot;focal_length&quot;:&quot;0&quot;,&quot;iso&quot;:&quot;0&quot;,&quot;shutter_speed&quot;:&quot;0&quot;,&quot;title&quot;:&quot;&quot;}\" data-image-title=\"Pointe Ratti\" data-image-description=\"&lt;p&gt;Pointe Ratti&lt;\/p&gt;\n\" data-image-caption=\"&lt;p&gt;Pointe Ratti&lt;\/p&gt;\n\" data-large-file=\"http:\/\/www.lookit.org\/blog\/wp-content\/uploads\/2013\/12\/Capture-d\u2019e\u0301cran-2013-12-21-a\u0300-21.25.43.png\" class=\"size-medium wp-image-2188 \" alt=\"Pointe Ratti\" src=\"http:\/\/www.lookit.org\/blog\/wp-content\/uploads\/2013\/12\/Capture-d\u2019e\u0301cran-2013-12-21-a\u0300-21.25.43-300x187.png\" width=\"300\" height=\"187\" srcset=\"http:\/\/www.lookit.org\/blog\/wp-content\/uploads\/2013\/12\/Capture-d\u2019e\u0301cran-2013-12-21-a\u0300-21.25.43-300x187.png 300w, http:\/\/www.lookit.org\/blog\/wp-content\/uploads\/2013\/12\/Capture-d\u2019e\u0301cran-2013-12-21-a\u0300-21.25.43-900x561.png 900w, http:\/\/www.lookit.org\/blog\/wp-content\/uploads\/2013\/12\/Capture-d\u2019e\u0301cran-2013-12-21-a\u0300-21.25.43.png 1010w\" sizes=\"auto, (max-width: 300px) 100vw, 300px\" \/><\/a><figcaption id=\"caption-attachment-2188\" class=\"wp-caption-text\">Pointe Ratti<\/figcaption><\/figure>\n<p>Apr\u00e8s Esteban, c&rsquo;est au tour de Caro d&rsquo;\u00eatre malade &#8230;. Une petite vir\u00e9e avec les 2 comp\u00e8res ( ou comm\u00e8res ? ou les 2 ? ) \u00e0 la Pointe Ratti pour tester le mat\u00e9riel avant la saison d&rsquo;hiver &#8230; qui s&rsquo;annonce pour le moment encore sans trop de neige. Mais il faut \u00eatre pr\u00eat ! 15 cms de neige, bien tremp\u00e9e : une neige de printemps ! Mais peu importe : le soleil \u00e9tait pr\u00e9sent. Une ballade pour se retrouver aussi, \u00e7a fait du bien.<\/p>\n<p>Un joli panaroma de la Pointe Ratti \u00e0 main lev\u00e9e mais dont le r\u00e9sultat m&rsquo;a assez surpris &#8230;. je vous laisse juger. Et un 360\u00b0 ( vs pouvez m\u00eame voir le Mont Blanc au fond ) de la via Ferrata \u00e0 Saint Jean d&rsquo;Aulps o\u00f9 la t\u00eate de l&rsquo;\u00e9l\u00e9phant est tellement plus visible vue du ciel &#8230; mais qu&rsquo;on a rarement l&rsquo;occasion de voir. Une vid\u00e9o from sky est en cours aussi.<\/p>\n<p>500 m de D+ que je n&rsquo;ai pas vu pass\u00e9 ( peut etre \u00e0 cause du blabla tout le long de la mont\u00e9e ), juste pour le plaisir de sortir un peu.<\/p>\n<p>&nbsp;<\/p>\n<p>&nbsp;<\/p>\n<p>&nbsp;<\/p>\n<p>&nbsp;<br \/>\n[box type=\u00a0\u00bbinfo\u00a0\u00bb] <strong>Voici les Photos :<\/strong> <strong><a href=\"http:\/\/www.lookit.org\/blog\/?page_id=2143\">PAR ICI LE PANORAMA vue du ciel \u00e0 360\u00b0<\/a><strong><\/strong>[\/box]<\/strong><\/p>\n<p>[wp_geo_map]<\/p>\n","protected":false},"excerpt":{"rendered":"<p>Apr\u00e8s Esteban, c&rsquo;est au tour de Caro d&rsquo;\u00eatre malade &#8230;. Une petite vir\u00e9e avec les 2 comp\u00e8res ( ou comm\u00e8res ? ou les 2 ? ) \u00e0 la Pointe Ratti pour tester le mat\u00e9riel avant la saison d&rsquo;hiver &#8230; qui s&rsquo;annonce pour le moment encore sans trop de neige. Mais il faut \u00eatre pr\u00eat ! [&hellip;]<\/p>\n","protected":false},"author":1,"featured_media":0,"comment_status":"open","ping_status":"open","sticky":false,"template":"","format":"standard","meta":{"jetpack_post_was_ever_published":false,"_jetpack_newsletter_access":"","_jetpack_dont_email_post_to_subs":false,"_jetpack_newsletter_tier_id":0,"_jetpack_memberships_contains_paywalled_content":false,"_jetpack_memberships_contains_paid_content":false,"footnotes":"","jetpack_publicize_message":"","jetpack_publicize_feature_enabled":true,"jetpack_social_post_already_shared":true,"jetpack_social_options":{"image_generator_settings":{"template":"highway","default_image_id":0,"font":"","enabled":false},"version":2}},"categories":[6,3],"tags":[],"class_list":["post-2187","post","type-post","status-publish","format-standard","hentry","category-photographie","category-sorties"],"jetpack_publicize_connections":[],"jetpack_featured_media_url":"","jetpack_shortlink":"https:\/\/wp.me\/pWrTo-zh","jetpack_sharing_enabled":true,"jetpack_likes_enabled":true,"_links":{"self":[{"href":"http:\/\/www.lookit.org\/blog\/index.php?rest_route=\/wp\/v2\/posts\/2187","targetHints":{"allow":["GET"]}}],"collection":[{"href":"http:\/\/www.lookit.org\/blog\/index.php?rest_route=\/wp\/v2\/posts"}],"about":[{"href":"http:\/\/www.lookit.org\/blog\/index.php?rest_route=\/wp\/v2\/types\/post"}],"author":[{"embeddable":true,"href":"http:\/\/www.lookit.org\/blog\/index.php?rest_route=\/wp\/v2\/users\/1"}],"replies":[{"embeddable":true,"href":"http:\/\/www.lookit.org\/blog\/index.php?rest_route=%2Fwp%2Fv2%2Fcomments&post=2187"}],"version-history":[{"count":3,"href":"http:\/\/www.lookit.org\/blog\/index.php?rest_route=\/wp\/v2\/posts\/2187\/revisions"}],"predecessor-version":[{"id":2191,"href":"http:\/\/www.lookit.org\/blog\/index.php?rest_route=\/wp\/v2\/posts\/2187\/revisions\/2191"}],"wp:attachment":[{"href":"http:\/\/www.lookit.org\/blog\/index.php?rest_route=%2Fwp%2Fv2%2Fmedia&parent=2187"}],"wp:term":[{"taxonomy":"category","embeddable":true,"href":"http:\/\/www.lookit.org\/blog\/index.php?rest_route=%2Fwp%2Fv2%2Fcategories&post=2187"},{"taxonomy":"post_tag","embeddable":true,"href":"http:\/\/www.lookit.org\/blog\/index.php?rest_route=%2Fwp%2Fv2%2Ftags&post=2187"}],"curies":[{"name":"wp","href":"https:\/\/api.w.org\/{rel}","templated":true}]}}