{"id":2245,"date":"2014-06-08T16:26:43","date_gmt":"2014-06-08T14:26:43","guid":{"rendered":"http:\/\/www.lookit.org\/blog\/?p=2245"},"modified":"2014-06-08T16:26:43","modified_gmt":"2014-06-08T14:26:43","slug":"vue-du-ciel-de-la-station-davoriaz-et-ballade-sur-larete-de-super-morzine-et-le-village-des-chevres-062014","status":"publish","type":"post","link":"http:\/\/www.lookit.org\/blog\/?p=2245","title":{"rendered":"Vue du ciel de la station d&rsquo;Avoriaz et Ballade sur l&rsquo;ar\u00eate de Super Morzine et le village des ch\u00e8vres &#8211; 062014"},"content":{"rendered":"<figure id=\"attachment_2247\" aria-describedby=\"caption-attachment-2247\" style=\"width: 300px\" class=\"wp-caption alignleft\"><a href=\"http:\/\/www.lookit.org\/blog\/?attachment_id=2247\" rel=\"attachment wp-att-2247\"><img loading=\"lazy\" decoding=\"async\" data-attachment-id=\"2247\" data-permalink=\"http:\/\/www.lookit.org\/blog\/?attachment_id=2247\" data-orig-file=\"http:\/\/www.lookit.org\/blog\/wp-content\/uploads\/2014\/06\/Capture-d\u2019e\u0301cran-2014-06-08-a\u0300-16.21.09_resize.jpg\" data-orig-size=\"800,513\" data-comments-opened=\"1\" data-image-meta=\"{&quot;aperture&quot;:&quot;0&quot;,&quot;credit&quot;:&quot;&quot;,&quot;camera&quot;:&quot;&quot;,&quot;caption&quot;:&quot;&quot;,&quot;created_timestamp&quot;:&quot;0&quot;,&quot;copyright&quot;:&quot;&quot;,&quot;focal_length&quot;:&quot;0&quot;,&quot;iso&quot;:&quot;0&quot;,&quot;shutter_speed&quot;:&quot;0&quot;,&quot;title&quot;:&quot;&quot;}\" data-image-title=\"Avoriaz\" data-image-description=\"&lt;p&gt;Avoriaz&lt;\/p&gt;\n\" data-image-caption=\"&lt;p&gt;Avoriaz&lt;\/p&gt;\n\" data-large-file=\"http:\/\/www.lookit.org\/blog\/wp-content\/uploads\/2014\/06\/Capture-d\u2019e\u0301cran-2014-06-08-a\u0300-16.21.09_resize.jpg\" class=\"size-medium wp-image-2247 \" alt=\"Avoriaz\" src=\"http:\/\/www.lookit.org\/blog\/wp-content\/uploads\/2014\/06\/Capture-d\u2019e\u0301cran-2014-06-08-a\u0300-16.21.09_resize-300x192.jpg\" width=\"300\" height=\"192\" srcset=\"http:\/\/www.lookit.org\/blog\/wp-content\/uploads\/2014\/06\/Capture-d\u2019e\u0301cran-2014-06-08-a\u0300-16.21.09_resize-300x192.jpg 300w, http:\/\/www.lookit.org\/blog\/wp-content\/uploads\/2014\/06\/Capture-d\u2019e\u0301cran-2014-06-08-a\u0300-16.21.09_resize.jpg 800w\" sizes=\"auto, (max-width: 300px) 100vw, 300px\" \/><\/a><figcaption id=\"caption-attachment-2247\" class=\"wp-caption-text\">Avoriaz<\/figcaption><\/figure>\n<p>Encore un week end de partage o\u00f9 Esteban s&rsquo;est l\u00e2ch\u00e9 &#8230; en fait de plus en plus : d\u00e9couverte, exp\u00e9riences etc etc &#8230; Une ballade sur toute l&rsquo;Ar\u00eate de Super Morzine ( Col de la Joux Verte jusqu&rsquo;au Col de la Croix des Combes ) puis une visite au Belv\u00e9d\u00e8re du Lac de Montriond. Esteban arm\u00e9 de sa patience a pu proditer de toute cette ballade entre sac \u00e0 dos et \u00e0 pieds \u00e0 nous donner toutes les pommes de pins qu&rsquo;il a pu trouver. Le probl\u00e8me : c&rsquo;est que tant que nous avions les mains vides ( ben oui , on va pas se taper une ballade avec \u00e7a ds les mains ), Esteban nous les remplissait. Un pique nique \u00e0 l&rsquo;ombre des sapins et un retour en mode dodo puis ramassage de pommes de pins et jeu avec la neige des n\u00e9v\u00e9s restants. De mon cot\u00e9 j&rsquo;en ai profit\u00e9 pour faire mon pano de la station d&rsquo;Avoriaz mais surtout de la Vall\u00e9e des Ardoisi\u00e8res avec ses petites falaises. Le lendemain : une visite aux villages des ch\u00eavres : Esteban marche &#8230;. et d\u00e9couvre le monde. C&rsquo;est assez fantastique en fait de le voir ainsi: peur de rien ! C&rsquo;est nous qui avions peur pour lui. C&rsquo;est bon signe pour son avenir &#8230; mais pas pour nos coeurs qui battent plus vite :). Un pique nique a suivi au bord du Lac de Montriond et une ballade \u00e0 la foire de Seytroux. Pr\u00eats pour le barbecue suivant !!!! \ud83d\ude42<\/p>\n<p>&nbsp;<\/p>\n<p>&nbsp;<\/p>\n<p>&nbsp;<\/p>\n<p>[box type=\u00a0\u00bbinfo\u00a0\u00bb] <strong><a href=\"http:\/\/www.lookit.org\/vueduciel\/vtour\/\">ICI<\/a> la vue du ciel \u00e0 360\u00b0 de la Station d&rsquo;Avoriaz et <a href=\"http:\/\/www.lookit.org\/gallerie3\/index.php\/Esteban\/Avoriaz_Lindarets_062014\" target=\"_blank\">ICI<\/a> les photos de la visite du village des Ch\u00e8vres et l&rsquo;Ar\u00eate de Super Morzine [\/box]<\/strong><\/p>\n<p>[wp_geo_map]<\/p>\n","protected":false},"excerpt":{"rendered":"<p>Encore un week end de partage o\u00f9 Esteban s&rsquo;est l\u00e2ch\u00e9 &#8230; en fait de plus en plus : d\u00e9couverte, exp\u00e9riences etc etc &#8230; Une ballade sur toute l&rsquo;Ar\u00eate de Super Morzine ( Col de la Joux Verte jusqu&rsquo;au Col de la Croix des Combes ) puis une visite au Belv\u00e9d\u00e8re du Lac de Montriond. Esteban [&hellip;]<\/p>\n","protected":false},"author":1,"featured_media":0,"comment_status":"open","ping_status":"open","sticky":false,"template":"","format":"standard","meta":{"jetpack_post_was_ever_published":false,"_jetpack_newsletter_access":"","_jetpack_dont_email_post_to_subs":false,"_jetpack_newsletter_tier_id":0,"_jetpack_memberships_contains_paywalled_content":false,"_jetpack_memberships_contains_paid_content":false,"footnotes":"","jetpack_publicize_message":"","jetpack_publicize_feature_enabled":true,"jetpack_social_post_already_shared":true,"jetpack_social_options":{"image_generator_settings":{"template":"highway","default_image_id":0,"font":"","enabled":false},"version":2}},"categories":[3],"tags":[],"class_list":["post-2245","post","type-post","status-publish","format-standard","hentry","category-sorties"],"jetpack_publicize_connections":[],"jetpack_featured_media_url":"","jetpack_shortlink":"https:\/\/wp.me\/pWrTo-Ad","jetpack_sharing_enabled":true,"jetpack_likes_enabled":true,"_links":{"self":[{"href":"http:\/\/www.lookit.org\/blog\/index.php?rest_route=\/wp\/v2\/posts\/2245","targetHints":{"allow":["GET"]}}],"collection":[{"href":"http:\/\/www.lookit.org\/blog\/index.php?rest_route=\/wp\/v2\/posts"}],"about":[{"href":"http:\/\/www.lookit.org\/blog\/index.php?rest_route=\/wp\/v2\/types\/post"}],"author":[{"embeddable":true,"href":"http:\/\/www.lookit.org\/blog\/index.php?rest_route=\/wp\/v2\/users\/1"}],"replies":[{"embeddable":true,"href":"http:\/\/www.lookit.org\/blog\/index.php?rest_route=%2Fwp%2Fv2%2Fcomments&post=2245"}],"version-history":[{"count":3,"href":"http:\/\/www.lookit.org\/blog\/index.php?rest_route=\/wp\/v2\/posts\/2245\/revisions"}],"predecessor-version":[{"id":2249,"href":"http:\/\/www.lookit.org\/blog\/index.php?rest_route=\/wp\/v2\/posts\/2245\/revisions\/2249"}],"wp:attachment":[{"href":"http:\/\/www.lookit.org\/blog\/index.php?rest_route=%2Fwp%2Fv2%2Fmedia&parent=2245"}],"wp:term":[{"taxonomy":"category","embeddable":true,"href":"http:\/\/www.lookit.org\/blog\/index.php?rest_route=%2Fwp%2Fv2%2Fcategories&post=2245"},{"taxonomy":"post_tag","embeddable":true,"href":"http:\/\/www.lookit.org\/blog\/index.php?rest_route=%2Fwp%2Fv2%2Ftags&post=2245"}],"curies":[{"name":"wp","href":"https:\/\/api.w.org\/{rel}","templated":true}]}}