{"id":2386,"date":"2015-02-20T11:44:27","date_gmt":"2015-02-20T09:44:27","guid":{"rendered":"http:\/\/www.lookit.org\/blog\/?p=2386"},"modified":"2015-02-20T12:00:07","modified_gmt":"2015-02-20T10:00:07","slug":"25-kms1000m-d-de-ballade-en-charrette-et-2-vues-du-ciel-cornettes-de-bise-et-mt-chauffe-022015","status":"publish","type":"post","link":"http:\/\/www.lookit.org\/blog\/?p=2386","title":{"rendered":"25 kms\/1000m D+ de ballade en charrette et 2 Vues du ciel : Cornettes de Bise et Mt Chauff\u00e9 &#8211; 022015"},"content":{"rendered":"<figure id=\"attachment_2387\" aria-describedby=\"caption-attachment-2387\" style=\"width: 225px\" class=\"wp-caption alignleft\"><a href=\"http:\/\/www.lookit.org\/blog\/?attachment_id=2387\" rel=\"attachment wp-att-2387\"><img loading=\"lazy\" decoding=\"async\" data-attachment-id=\"2387\" data-permalink=\"http:\/\/www.lookit.org\/blog\/?attachment_id=2387\" data-orig-file=\"http:\/\/www.lookit.org\/blog\/wp-content\/uploads\/2015\/02\/articleseulDSC01911.jpg\" data-orig-size=\"300,400\" data-comments-opened=\"1\" data-image-meta=\"{&quot;aperture&quot;:&quot;6.3&quot;,&quot;credit&quot;:&quot;&quot;,&quot;camera&quot;:&quot;DSC-HX50V&quot;,&quot;caption&quot;:&quot;&quot;,&quot;created_timestamp&quot;:&quot;1424358260&quot;,&quot;copyright&quot;:&quot;&quot;,&quot;focal_length&quot;:&quot;4.33&quot;,&quot;iso&quot;:&quot;80&quot;,&quot;shutter_speed&quot;:&quot;0.00125&quot;,&quot;title&quot;:&quot;&quot;,&quot;orientation&quot;:&quot;0&quot;}\" data-image-title=\"Esteban et Bise\" data-image-description=\"&lt;p&gt;Esteban et Bise&lt;\/p&gt;\n\" data-image-caption=\"&lt;p&gt;Esteban et Bise&lt;\/p&gt;\n\" data-large-file=\"http:\/\/www.lookit.org\/blog\/wp-content\/uploads\/2015\/02\/articleseulDSC01911.jpg\" class=\"size-medium wp-image-2387\" src=\"http:\/\/www.lookit.org\/blog\/wp-content\/uploads\/2015\/02\/articleseulDSC01911-225x300.jpg\" alt=\"Esteban et Bise\" width=\"225\" height=\"300\" srcset=\"http:\/\/www.lookit.org\/blog\/wp-content\/uploads\/2015\/02\/articleseulDSC01911-225x300.jpg 225w, http:\/\/www.lookit.org\/blog\/wp-content\/uploads\/2015\/02\/articleseulDSC01911.jpg 300w\" sizes=\"auto, (max-width: 225px) 100vw, 225px\" \/><\/a><figcaption id=\"caption-attachment-2387\" class=\"wp-caption-text\">Esteban et Bise<\/figcaption><\/figure>\n<p>Une journ\u00e9e parfaite entre hommes ! La gestion d&rsquo;un pti gars de 2 ans n&rsquo;est parfois pas si compliqu\u00e9e quand on le connait &#8230; Une longue journ\u00e9e avec 1000m de D+ et 25 kms en tirant la charrette n&rsquo;est pas une mince affaire &#8230; mais c&rsquo;est plutot Esteban \u00e0 qui je dois cette belle journ\u00e9e : pas un chouin de la journ\u00e9e !!!!<\/p>\n<p>Avec un d\u00e9part \u00e0 8h45-9h du parking de Vacheresse, Esteban a voulu partir avec ses skis !!!!! Ouiiii c&rsquo;est la premi\u00e8re fois qu&rsquo;il voulait de lui-m\u00eame, mais manque de bol &#8230; c&rsquo;\u00e9tait une fois que tout l&rsquo;attirail de la remorque et les premiers m\u00e8tres parcourus \u00e0 pieds. Pas grave, on fera la prochaine fois.<\/p>\n<p>On commence \u00e0 marcher, Esteban sur mes skis ( fallait bien satisfaire ses envies aussi ! ) pendant 10 mins jusqu&rsquo;\u00e0 qu&rsquo;il me dise qu&rsquo;il veut monter dans la charrette avec ses livres et ses \u00ab\u00a0vroums\u00a0\u00bb. Il est pas con, quand il voit que c&rsquo;est le bordel, il change de sujet \ud83d\ude42<\/p>\n<p>Il s&rsquo;est ensuite endormi apr\u00e8s sa lecture et ses jeux avec les vroums &#8230;&#8230;&#8230;&#8230;&#8230;&#8230;. jusqu&rsquo;\u00e0 l&rsquo;arriv\u00e9e sur le replat des chalets d&rsquo;Ubine, oui une mont\u00e9e d&rsquo;une traite sans arr\u00eat. Tant qu&rsquo;il ne m&rsquo;apelle pas, j&rsquo;avance vite et le chemin me le permettait : c&rsquo;\u00e9tait bien trac\u00e9 et tr\u00e8s large ( 2h15 de mont\u00e9e ). M\u00eame pas mis de neige sur les skis !<\/p>\n<p>Il s&rsquo;est r\u00e9veill\u00e9 sur le replat d&rsquo;Ubine &#8230; timing parfait &#8230; il est 11h : on sort la bache, la couverture, les jeux &#8230; il se d\u00e9foule un peu en se ballant sur le chemin bien trac\u00e9 &#8230; j&rsquo;en profite pour faire mon panorama du ciel de ce Mont Chauff\u00e9 qui me faisait de l&rsquo;oeil depuis un moment. En haut : pas un nuage et pas de vent. Tout le monde se r\u00e9gale. On grignote &#8230;. ou devrais je dire : Esteban mange presque tout ( 2 Savane et un Pompote ) et encore, je dois terminer ses morceaux &#8230; mais \u00e0 ce moment j&rsquo;avais une autre id\u00e9e pour la suite car le voyant tt en \u00e9nergie et content, je me disais qu&rsquo;on pourrait profiter de cette journ\u00e9e ensemble car rentrer \u00e0 la maison et voir maman faire son m\u00e9nage avec son \u00ab\u00a0mal de cr\u00e2ne\u00a0\u00bb ( passion de Caro apr\u00e8s son fils .. \ud83d\ude09 ) et nous tourner en rond ne m&rsquo;enchantait gu\u00e8re.<\/p>\n<p>Esteban me file un coup de main \u00e0 sa mani\u00e8re &#8230; mais avec motivation \ud83d\ude42 Jl&rsquo;adore ! On s&rsquo;attache bien ds la charrette et on descend \u00ab\u00a0tout vite tout vite\u00a0\u00bb jusqu&rsquo;au croisement des sentiers Bise-Ubine &#8230; l\u00e0 je lui dis : encore ? &#8230; la r\u00e9ponse ne se fait pas attendre : oui ! Bordel \u00e7a me motive &#8230;<\/p>\n<p>Voyant le soleil pas tr\u00e8s loin en regardant vers Bise, je me grouille de remettre les peaux et on d\u00e9colle &#8230; je chope de la neige pour me rafraichir un peu la bouche ( je laisse la tisane au pti gaillard ) et on avance au m\u00eame rythme qu&rsquo;au d\u00e9part &#8230; L&rsquo;arriv\u00e9e au soleil est assez rapide, Esteban fait sa sieste et toujours pas de chouin ! ( J&rsquo;ai tir\u00e9 le gros lot ! ). On rattrape 4 personnes \u00e0 pieds au niveau du lac de Fontaine avec leur petite luge portable ronde ( un grand boujour de leur part mais je r\u00e9ponds par un petit bonjour en disant : \u00ab\u00a0il dort &#8230; on se rejoint l\u00e0 haut !\u00a0\u00bb ). Je coupe quelques virages de la route sineuse pour arriver sur le replat. Je regarde l&rsquo;heure : 1h45 de mont\u00e9e depuis l&rsquo;intersection. Esteban se r\u00e9veille doucement et commence \u00e0 aller se d\u00e9gourdir les jambes tout en terminant le dernier Pompot &#8230; La neige le permettant, je le regarde faire sa vie et j&rsquo;en profite pour faire mon panorama des Cornettes.<\/p>\n<p>Les 4 personnes crois\u00e9es pr\u00e9c\u00e9dement arrivent \u00e0 leur tour et regardent ce qu&rsquo;il se passe de loin &#8230; je leur crie de venir sans crainte car Esteban est lev\u00e9 \ud83d\ude42 &#8230; Il s&rsquo;agissait d&rsquo;une famille de 4 parisiens qui sont mont\u00e9s \u00e0 Bise \u00e0 pieds avec leur luge ! Je leur explique ce que je fais. C&rsquo;est appr\u00e9ciable de voir des gens civilis\u00e9s et curieux, je leur montre ce que je vois ds mes lunettes etc etc &#8230; chose rare de nos jours. Ils viennent passer leurs vacances la plupart en Haute Savoie ( c&rsquo;est bien les gens qui se bougent, c&rsquo;est rare aussi de nos jours, et \u00e7a n&rsquo;est pas forc\u00e9ment le cas des proches ! ) &#8230; Apr\u00e8s une longue discussion, ils continuent leur chemin pour se poser \u00e0 100m et profiter du soleil. J&rsquo;essaye de laisser un message \u00e0 Caro mais le t\u00e9l ne passe pas. En regardant Esteban, et en le voyant gambader de la sorte, je prends quelques clich\u00e9s &#8230; et en m&rsquo;apercevant, il finit par prendre la pose &#8230; oui oui , il me demande de le prendre en photo \u00ab\u00a0encore\u00a0\u00bb ! Bref &#8230; j&rsquo;ai compris \u00e0 ce moment que rentrer \u00e0 14h30 aurait \u00e9t\u00e9 un crime alors qu&rsquo;il se sent bien ! On reste et on se ballade .. ayant termin\u00e9 mes prises de vue. Un moment indescriptible oui je me suis dit : si j&rsquo;\u00e9tais venu avec Caro , on aurait jamais fait tout \u00e7a et on serait rentr\u00e9 plus t\u00f4t pour qu&rsquo;Esteban mange un repas normal ( phobie de la maman ! ).<\/p>\n<p>Apr\u00e8s quelques pas sur la neige rest\u00e9e assez dure en ce milieu de journ\u00e9e, on remballe doucement &#8230; m\u00eame si j&rsquo;aurais voulu passer encore un long moment ici mais l&rsquo;heure tourne et il faut rentrer, ranger, se laver, manger car les horaires d&rsquo;Esteban ne sont pas les miens ! Une descente relativement ( tr\u00e8s ? ) rapide car la neige \u00e9tait \u00e9tait bien tass\u00e9e &#8230; et on arrive sur le parking verglass\u00e9 o\u00f9 nous croisons une vieille dame partie en ballade avec ses 3 \u00ab\u00a0saucissons\u00a0\u00bb sur pattes &#8230; C&rsquo;est parti pour une partie de calins avec les toutous :). J&rsquo;en profite pour ranger tout le bordel et j&rsquo;entends le t\u00e9l\u00e9phone sonner plusieurs fois au fond du sac sous les affaires &#8230; Je me suis dit que \u00e7a ne pouvait \u00eatre que Caro dont l&rsquo;instinct surprotecteur pouss\u00e9 par ses hormones de m\u00e8re a encore frapp\u00e9 !!!! J&rsquo;ai gagn\u00e9 : qui nous voyons arriver sur le parking moins d&rsquo;une 1 min apr\u00e8s ( il faut compter tout de m\u00eame 35-45 mins de la maison pour venir ) : Caro &#8230;. qui en pleine crise hyst\u00e9rique r\u00e2le car nous avons pass\u00e9 une trop longue journ\u00e9e et qu&rsquo;Esteban n&rsquo;a pas eu un repas normal \u00e0 midi &#8230; J&rsquo;ai appris un peu apr\u00e8s qu&rsquo;elle a aussi appeler ma m\u00e8re \u00e0 cause de son inqui\u00e9tude et qui a tent\u00e9 de me joindre aussi. A part une crise cardiaque &#8230; je n&rsquo;arrive toujours pas \u00e0 voir le danger quand on skie sur une route goudronn\u00e9e plate ( faux plat .. ok ).<\/p>\n<p>Au moment du rangement des affaires, Esteban en a profit\u00e9 pour tester mes skis &#8230;. avec ses petits batons. Certes c&rsquo;est mignon mais c&rsquo;est dangereux sur le parking verglass\u00e9 ! Du coup on chausse les minis skis et on va en faire pendant &#8230;.. 2 mins sur le chemin de la route enneig\u00e9e ! Je vais finir par lui mettre des peaux ou l&#8217;emmener prendre des cours. Ce n&rsquo;est pas la patience mais je ne sais pas comment lui expliquer ! Ou tout simplement il est trop jeune \ud83d\ude42 \u00e7a , \u00e7a peut etre une bonne raison aussi ! \ud83d\ude00<\/p>\n<p>Par grave &#8230; j&rsquo;en ai m\u00eame le sourire, la journ\u00e9e pass\u00e9e avec Esteban \u00e9tait magnifique &#8230; Des moments rares et complices sans un chouin et \u00e7a, \u00e7a vaut de l&rsquo;or ! Next time : je prends le r\u00e9chaud et le tracker satellite ( Caro Approved ! Si si jvous jure ! ) pour calmer les humeurs hormonales de Caro &#8230; :), la libert\u00e9 et la paix n&rsquo;ont pas de prix \ud83d\ude42 et il faut vivre chaque jour comme si c&rsquo;\u00e9tait le dernier &#8230; et surtout laisser ceux qui n&rsquo;aiment pas la vie bien loin derri\u00e8re au lieu de perdre de l&rsquo;\u00e9nergie \u00e0 les pousser \u00e0 profiter de ces moments exquis et gratuits !<\/p>\n<p>Pour r\u00e9sumer : environ 25 kms pour 1000m de D+ &#8230; et de belles photos et panoramas : la vue du ciel est par ici : <a href=\"http:\/\/www.lookit.org\/blog\/?page_id=2143\">CLIQUEZ MOI<\/a> et les photos de la sortie : <a href=\"http:\/\/www.lookit.org\/gallerie3\/index.php\/Esteban\/Bise_Ubine_022015\" target=\"_blank\">ICI<\/a><\/p>\n","protected":false},"excerpt":{"rendered":"<p>Une journ\u00e9e parfaite entre hommes ! La gestion d&rsquo;un pti gars de 2 ans n&rsquo;est parfois pas si compliqu\u00e9e quand on le connait &#8230; Une longue journ\u00e9e avec 1000m de D+ et 25 kms en tirant la charrette n&rsquo;est pas une mince affaire &#8230; mais c&rsquo;est plutot Esteban \u00e0 qui je dois cette belle journ\u00e9e [&hellip;]<\/p>\n","protected":false},"author":1,"featured_media":0,"comment_status":"open","ping_status":"open","sticky":false,"template":"","format":"standard","meta":{"jetpack_post_was_ever_published":false,"_jetpack_newsletter_access":"","_jetpack_dont_email_post_to_subs":false,"_jetpack_newsletter_tier_id":0,"_jetpack_memberships_contains_paywalled_content":false,"_jetpack_memberships_contains_paid_content":false,"footnotes":"","jetpack_publicize_message":"","jetpack_publicize_feature_enabled":true,"jetpack_social_post_already_shared":true,"jetpack_social_options":{"image_generator_settings":{"template":"highway","default_image_id":0,"font":"","enabled":false},"version":2}},"categories":[3],"tags":[],"class_list":["post-2386","post","type-post","status-publish","format-standard","hentry","category-sorties"],"jetpack_publicize_connections":[],"jetpack_featured_media_url":"","jetpack_shortlink":"https:\/\/wp.me\/pWrTo-Cu","jetpack_sharing_enabled":true,"jetpack_likes_enabled":true,"_links":{"self":[{"href":"http:\/\/www.lookit.org\/blog\/index.php?rest_route=\/wp\/v2\/posts\/2386","targetHints":{"allow":["GET"]}}],"collection":[{"href":"http:\/\/www.lookit.org\/blog\/index.php?rest_route=\/wp\/v2\/posts"}],"about":[{"href":"http:\/\/www.lookit.org\/blog\/index.php?rest_route=\/wp\/v2\/types\/post"}],"author":[{"embeddable":true,"href":"http:\/\/www.lookit.org\/blog\/index.php?rest_route=\/wp\/v2\/users\/1"}],"replies":[{"embeddable":true,"href":"http:\/\/www.lookit.org\/blog\/index.php?rest_route=%2Fwp%2Fv2%2Fcomments&post=2386"}],"version-history":[{"count":14,"href":"http:\/\/www.lookit.org\/blog\/index.php?rest_route=\/wp\/v2\/posts\/2386\/revisions"}],"predecessor-version":[{"id":2402,"href":"http:\/\/www.lookit.org\/blog\/index.php?rest_route=\/wp\/v2\/posts\/2386\/revisions\/2402"}],"wp:attachment":[{"href":"http:\/\/www.lookit.org\/blog\/index.php?rest_route=%2Fwp%2Fv2%2Fmedia&parent=2386"}],"wp:term":[{"taxonomy":"category","embeddable":true,"href":"http:\/\/www.lookit.org\/blog\/index.php?rest_route=%2Fwp%2Fv2%2Fcategories&post=2386"},{"taxonomy":"post_tag","embeddable":true,"href":"http:\/\/www.lookit.org\/blog\/index.php?rest_route=%2Fwp%2Fv2%2Ftags&post=2386"}],"curies":[{"name":"wp","href":"https:\/\/api.w.org\/{rel}","templated":true}]}}