{"id":2403,"date":"2015-02-24T18:43:51","date_gmt":"2015-02-24T16:43:51","guid":{"rendered":"http:\/\/www.lookit.org\/blog\/?p=2403"},"modified":"2015-02-24T18:44:12","modified_gmt":"2015-02-24T16:44:12","slug":"tete-de-lanche-naire-1300d-2347m-022015","status":"publish","type":"post","link":"http:\/\/www.lookit.org\/blog\/?p=2403","title":{"rendered":"Tete de Lanche Naire &#8211; 1300D+ &#8211; 2347m &#8211; 022015"},"content":{"rendered":"<figure id=\"attachment_2404\" aria-describedby=\"caption-attachment-2404\" style=\"width: 300px\" class=\"wp-caption alignleft\"><a href=\"http:\/\/www.lookit.org\/blog\/?attachment_id=2404\" rel=\"attachment wp-att-2404\"><img loading=\"lazy\" decoding=\"async\" data-attachment-id=\"2404\" data-permalink=\"http:\/\/www.lookit.org\/blog\/?attachment_id=2404\" data-orig-file=\"http:\/\/www.lookit.org\/blog\/wp-content\/uploads\/2015\/02\/articleseulCapture-d\u2019e\u0301cran-2015-02-24-a\u0300-17.29.17.png\" data-orig-size=\"300,211\" data-comments-opened=\"1\" data-image-meta=\"{&quot;aperture&quot;:&quot;0&quot;,&quot;credit&quot;:&quot;&quot;,&quot;camera&quot;:&quot;&quot;,&quot;caption&quot;:&quot;&quot;,&quot;created_timestamp&quot;:&quot;0&quot;,&quot;copyright&quot;:&quot;&quot;,&quot;focal_length&quot;:&quot;0&quot;,&quot;iso&quot;:&quot;0&quot;,&quot;shutter_speed&quot;:&quot;0&quot;,&quot;title&quot;:&quot;&quot;,&quot;orientation&quot;:&quot;0&quot;}\" data-image-title=\"Tete de Lanchenaire\" data-image-description=\"&lt;p&gt;Tete de Lanchenaire&lt;\/p&gt;\n\" data-image-caption=\"&lt;p&gt;Tete de Lanchenaire&lt;\/p&gt;\n\" data-large-file=\"http:\/\/www.lookit.org\/blog\/wp-content\/uploads\/2015\/02\/articleseulCapture-d\u2019e\u0301cran-2015-02-24-a\u0300-17.29.17.png\" class=\"size-full wp-image-2404\" src=\"http:\/\/www.lookit.org\/blog\/wp-content\/uploads\/2015\/02\/articleseulCapture-d\u2019e\u0301cran-2015-02-24-a\u0300-17.29.17.png\" alt=\"Tete de Lanchenaire\" width=\"300\" height=\"211\" \/><\/a><figcaption id=\"caption-attachment-2404\" class=\"wp-caption-text\">Tete de Lanchenaire<\/figcaption><\/figure>\n<p>Pas de photos cette fois-ci , c&rsquo;\u00e9tait un jour \u00ab\u00a0blanc\u00a0\u00bb : c&rsquo;est \u00e0 dire : on ne voit rien \u00e0 360\u00b0 &#8230;. La photo de l&rsquo;article est une tir\u00e9e sur internet \ud83d\ude42 Mais \u00e7a fait du bien de retrouver les amis du CAF &#8230; on peut d\u00e9conner comme d&rsquo;hab aussi.<\/p>\n<p>Sortir d&rsquo;environ 1300m en passant par le Lac de Tanay en Suisse au d\u00e9part du Flon.<\/p>\n<p>On suit la route de mont\u00e9e avec 300m de D+ pour arriver au lac o\u00f9 des plongeurs faisaient plouf sous la glace. Le \u00ab\u00a0refuge\u00a0\u00bb est ouvert toute l&rsquo;ann\u00e9e ce qui me donne une bonne id\u00e9e de week end avec Esteban quand le soleil sera pr\u00e9sent.<\/p>\n<p>Une fois le lac pass\u00e9, on s&rsquo;enfonce doucement dans la combe ( endroit qui me donne certaines envies de voler avec l&rsquo;aile ou le petit avion, on verra \u00e7a cet \u00e9t\u00e9 ). On ne voit rien en montant, avec JF on se controle car carte\/boussole et gps pour confirmer les directions.<\/p>\n<p>On atteint doucement notre but non sans peine &#8230; et on amorce la descente : c&rsquo;est l\u00e0 o\u00f9 c&rsquo;est le plus dangereux et ce fut le cas. Je reste derri\u00e8re pour \u00e9pauler les plus lents et la premiere se prend une coul\u00e9e qui la recouvre jusqu&rsquo;\u00e0 la tete presque. Une frayeur de courte dur\u00e9e car nous \u00e9tions \u00e9spac\u00e9s de\u00a0 quelques dizaines de m\u00e8tres chacun. Le genoux a un peu pris mais malgr\u00e9 cela , elle finira la descente.<\/p>\n<p>C&rsquo;est \u00e0 partir du Col de Chaudin et ensuite Verne que le plaisir et la neige \u00e9taient bien pr\u00e9sents. Avec Oliv on reste peinards derri\u00e8re pour se faire plaisir et faire notre trace et surtout raconter des conneries &#8230; Du bon ski quoi \ud83d\ude42<\/p>\n<p>Une sortie \u00e0 15\/20 kms pour 1300m de D+ , malgr\u00e9 le temps : de bonnes blagues change la donne de la sortie &#8230; et la bi\u00e8re surtout !<\/p>\n<p>&nbsp;<\/p>\n<p>[wp_geo_map]<\/p>\n","protected":false},"excerpt":{"rendered":"<p>Pas de photos cette fois-ci , c&rsquo;\u00e9tait un jour \u00ab\u00a0blanc\u00a0\u00bb : c&rsquo;est \u00e0 dire : on ne voit rien \u00e0 360\u00b0 &#8230;. La photo de l&rsquo;article est une tir\u00e9e sur internet \ud83d\ude42 Mais \u00e7a fait du bien de retrouver les amis du CAF &#8230; on peut d\u00e9conner comme d&rsquo;hab aussi. Sortir d&rsquo;environ 1300m en passant [&hellip;]<\/p>\n","protected":false},"author":1,"featured_media":0,"comment_status":"open","ping_status":"open","sticky":false,"template":"","format":"standard","meta":{"jetpack_post_was_ever_published":false,"_jetpack_newsletter_access":"","_jetpack_dont_email_post_to_subs":false,"_jetpack_newsletter_tier_id":0,"_jetpack_memberships_contains_paywalled_content":false,"_jetpack_memberships_contains_paid_content":false,"footnotes":"","jetpack_publicize_message":"","jetpack_publicize_feature_enabled":true,"jetpack_social_post_already_shared":true,"jetpack_social_options":{"image_generator_settings":{"template":"highway","default_image_id":0,"font":"","enabled":false},"version":2}},"categories":[3],"tags":[],"class_list":["post-2403","post","type-post","status-publish","format-standard","hentry","category-sorties"],"jetpack_publicize_connections":[],"jetpack_featured_media_url":"","jetpack_shortlink":"https:\/\/wp.me\/pWrTo-CL","jetpack_sharing_enabled":true,"jetpack_likes_enabled":true,"_links":{"self":[{"href":"http:\/\/www.lookit.org\/blog\/index.php?rest_route=\/wp\/v2\/posts\/2403","targetHints":{"allow":["GET"]}}],"collection":[{"href":"http:\/\/www.lookit.org\/blog\/index.php?rest_route=\/wp\/v2\/posts"}],"about":[{"href":"http:\/\/www.lookit.org\/blog\/index.php?rest_route=\/wp\/v2\/types\/post"}],"author":[{"embeddable":true,"href":"http:\/\/www.lookit.org\/blog\/index.php?rest_route=\/wp\/v2\/users\/1"}],"replies":[{"embeddable":true,"href":"http:\/\/www.lookit.org\/blog\/index.php?rest_route=%2Fwp%2Fv2%2Fcomments&post=2403"}],"version-history":[{"count":2,"href":"http:\/\/www.lookit.org\/blog\/index.php?rest_route=\/wp\/v2\/posts\/2403\/revisions"}],"predecessor-version":[{"id":2406,"href":"http:\/\/www.lookit.org\/blog\/index.php?rest_route=\/wp\/v2\/posts\/2403\/revisions\/2406"}],"wp:attachment":[{"href":"http:\/\/www.lookit.org\/blog\/index.php?rest_route=%2Fwp%2Fv2%2Fmedia&parent=2403"}],"wp:term":[{"taxonomy":"category","embeddable":true,"href":"http:\/\/www.lookit.org\/blog\/index.php?rest_route=%2Fwp%2Fv2%2Fcategories&post=2403"},{"taxonomy":"post_tag","embeddable":true,"href":"http:\/\/www.lookit.org\/blog\/index.php?rest_route=%2Fwp%2Fv2%2Ftags&post=2403"}],"curies":[{"name":"wp","href":"https:\/\/api.w.org\/{rel}","templated":true}]}}