{"id":2411,"date":"2015-02-26T20:06:28","date_gmt":"2015-02-26T18:06:28","guid":{"rendered":"http:\/\/www.lookit.org\/blog\/?p=2411"},"modified":"2015-02-26T20:06:28","modified_gmt":"2015-02-26T18:06:28","slug":"chalets-de-darbon-en-charrette-et-la-vue-du-ciel-de-la-dent-doche-022015","status":"publish","type":"post","link":"http:\/\/www.lookit.org\/blog\/?p=2411","title":{"rendered":"Chalets de Darbon en charrette et la Vue du Ciel de la Dent d&rsquo;Oche &#8211; 022015"},"content":{"rendered":"<figure id=\"attachment_2413\" aria-describedby=\"caption-attachment-2413\" style=\"width: 300px\" class=\"wp-caption alignleft\"><a href=\"http:\/\/www.lookit.org\/blog\/?attachment_id=2413\" rel=\"attachment wp-att-2413\"><img loading=\"lazy\" decoding=\"async\" data-attachment-id=\"2413\" data-permalink=\"http:\/\/www.lookit.org\/blog\/?attachment_id=2413\" data-orig-file=\"http:\/\/www.lookit.org\/blog\/wp-content\/uploads\/2015\/02\/articleseulDSC01923.jpg\" data-orig-size=\"300,225\" data-comments-opened=\"1\" data-image-meta=\"{&quot;aperture&quot;:&quot;6.3&quot;,&quot;credit&quot;:&quot;&quot;,&quot;camera&quot;:&quot;DSC-HX50V&quot;,&quot;caption&quot;:&quot;&quot;,&quot;created_timestamp&quot;:&quot;1424953893&quot;,&quot;copyright&quot;:&quot;&quot;,&quot;focal_length&quot;:&quot;6.46&quot;,&quot;iso&quot;:&quot;80&quot;,&quot;shutter_speed&quot;:&quot;0.0015625&quot;,&quot;title&quot;:&quot;&quot;,&quot;orientation&quot;:&quot;0&quot;}\" data-image-title=\"Chalets de Darbon\" data-image-description=\"&lt;p&gt;Chalets de Darbon&lt;\/p&gt;\n\" data-image-caption=\"&lt;p&gt;Chalets de Darbon&lt;\/p&gt;\n\" data-large-file=\"http:\/\/www.lookit.org\/blog\/wp-content\/uploads\/2015\/02\/articleseulDSC01923.jpg\" class=\"size-full wp-image-2413\" src=\"http:\/\/www.lookit.org\/blog\/wp-content\/uploads\/2015\/02\/articleseulDSC01923.jpg\" alt=\"Chalets de Darbon\" width=\"300\" height=\"225\" \/><\/a><figcaption id=\"caption-attachment-2413\" class=\"wp-caption-text\">Chalets de Darbon<\/figcaption><\/figure>\n<p>Encore une journ\u00e9e parfaite entre hommes &#8230; Pas un pleur ( peut etre moi un peu dans la difficult\u00e9 de cette sortie, j&rsquo;avoue\u00a0 ) !<\/p>\n<p>Je me doutais que j&rsquo;allais en baver un peu car certes le denivel\u00e9 ne me faisait pas peur mais la distance plus courte que les pr\u00e9c\u00e9dentes sorties me disait que la pente serait assez \u00ab\u00a0pentue\u00a0\u00bb &#8230; et elle le f\u00fbt.<\/p>\n<p>Un d\u00e9part relativement t\u00f4t &#8230; Parfois je me demande si Esteban comprends tout : il se l\u00e8ve plus t\u00f4t &#8230; du coup 7h30 on quitte sa m\u00e8re qui pr\u00e9f\u00e8re finir le repassage et faire les courses ( je ne comprendrais toujours pas ! ) et 1h plus tard on commence \u00e0 monter doucement le chemin des chalets de Darbon. Premier au parking ce matin, \u00e7a n&rsquo;a pas emp\u00e9ch\u00e9 Esteban d&rsquo;aller courir pendant que je pr\u00e9parais l&rsquo;attirail du p\u00e8re qui emm\u00e8ne le fils en ballade.<\/p>\n<p>Hormis la difficult\u00e9 de la \u00ab\u00a0pente plus pentue\u00a0\u00bb, je me suis retrouv\u00e9 devant une coul\u00e9e de neige qui a coup\u00e9 le chemin sur 50m et dont les blocs faisait basculer la charrette du mauvais cot\u00e9 &#8230;.. dans le contrebas &#8230;.. vers le ruisseau &#8230;.. bref &#8230;. il ne s&rsquo;agissait pas de faire un exploit mais d&rsquo;arriver aux Chalets tranquillement. Plus c&rsquo;est pentu, plus la charrette est lourde et plus elle tire en arri\u00e8re, j&rsquo;ai commenc\u00e9 \u00e0 suivre la trace qui d\u00e9butait en bas au parking et qui s&rsquo;est termin\u00e9e EN PLEIN MILIEU DU CHEMIN apr\u00e8s 10 mins , oui &#8230; on voyait les traces du gars qui avait fait son demie tour ! Je l&rsquo;ai maudit &#8230; mais j&rsquo;ai continu\u00e9 \u00e0 faire ma trace qui est devenue emmerdante. J&rsquo;avan\u00e7ais comme lorsque j&rsquo;\u00e9tais au Mont Blanc sur la derni\u00e8re pente &#8230;<\/p>\n<p>Esteban lui &#8230;.. il dormait pendant ce temps &#8230; Arf qu&rsquo;il en profite, un jour \u00e7a sera lui qui va me tirer !<\/p>\n<p>Le chemin forestier \u00e9tait interminable &#8230;. mais j&rsquo;\u00e9tais heureux, je me sentais vivant car je savais ce qui nous attendait l\u00e0 haut : un soleil \u00e9clatant, un ciel bleu, les sourires d&rsquo;Esteban et &#8230; la paix !<\/p>\n<p>Apr\u00e8s 1h30, on sortait enfin de la for\u00eat .. \u00e0 l&rsquo;endroit o\u00f9 la premi\u00e8re pente est mena\u00e7ante &#8230; Merde, elle n&rsquo;avait pas coul\u00e9 l&rsquo;enflure !!!! Mais on \u00e9tait quand m\u00eame rest\u00e9 sur le chemin , en contrebas. Et non sur le dessus. Nous sommes arriv\u00e9s apr\u00e8s sur la suite du chemin de 4&#215;4 qui, avec la neige, s&rsquo;est av\u00e9r\u00e9 tr\u00e8s pentu \ud83d\ude41 &#8230;.. Il a fallu encore jongler et tirer plus fort car la charrette glissait doucement vers l&rsquo;ext\u00e9rieur. Mais on voyait les chalets. Allez ! encore un peu ! &#8230; On arrive aux derniers virages et me voil\u00e0 devant le ruisseau \u00e0 traverser ! Super : je ne vois pas o\u00f9 est le point le plus bas avec un pti pont de neige ! Je fais demi-tour pour longer le ruisseau o\u00f9 je finis par trouver 50cms de large en neige au dessus de l&rsquo;eau et sans rochers &#8230; J&rsquo;avance doucement : \u00e7a tient sans soucis &#8230;. on tire la charrette un bon coup et nous voil\u00e0 sur le dernier virage encore en pente mais nous sommes arriv\u00e9s \u00e0 \u00ab\u00a0Darbon Center\u00a0\u00bb :).<\/p>\n<p>J&rsquo;installe le kit du p\u00e8re et du fils ( la croix faisant office de St esprit ) &#8230;.. Esteban s&rsquo;est r\u00e9veill\u00e9 encore une fois au dernier virage !!!!!! Trop de la classe ce mec !!!!! J&rsquo;\u00e9sp\u00e8re qu&rsquo;il sera comme \u00e7a pendant son adolescence &#8230;.. \ud83d\ude00 ( comment \u00e7a je r\u00eave ? ).<\/p>\n<p>Je le laisse jouer avec ses livres et ses voitures &#8230; moi je balance le drone dans les airs pour son panorama ( test avec le mode PROTUNE en 400 iso .. r\u00e9sultat parfait !! ). Et je commence ensuite \u00e0 pr\u00e9parer le repas &#8230; oui je pr\u00e9pare le repas : je sors le Jetboil \ud83d\ude42 et j&rsquo;attends 2 mins pour manger notre poulet \u00e0 la sauce basquaise bien chaud ! Esteban avait faim m\u00eame s&rsquo;il n&rsquo;\u00e9tait que presqu&rsquo;11h. Le soleil tape quand m\u00eame mais un repas chaud , c&rsquo;est classe quand m\u00eame, on reprend les bonnes habitudes des sorties ski ! Nous apercevons 2 personnes en raquettes suivre ma trace pour nous retrouver : 1 pti couple de retrait\u00e9s men\u00e9 par Madame qui fait d\u00e9couvrir \u00e0 son Monsieur Darbon en hiver ! On papote 5 mins et ils vont se mettre de l&rsquo;autre cot\u00e9 de Darbon Center &#8230; Esteban lui veut marcher dans la neige &#8230; mais de la bonne neige ( moi elle m&rsquo;arrivait au dessus des genoux ), il a vite compris que le la couverture du pique nique est mieux. Et l\u00e0 : il m&rsquo;a fait comprendre qu&rsquo;il voulait que je lui raconte des histoires , du coup j&rsquo;ai lu un par un ses livres &#8230; et TOUS ! Mais j&rsquo;ai eu ma r\u00e9compense : un gros calin : il s&rsquo;est allong\u00e9 sur moi et m&rsquo;a serr\u00e9 dans ses bras ! C&rsquo;est pas beau \u00e7a ? &#8230;. on verra si dans 10 ans \u00e7a sera encore comme \u00e7a et \u00e0 15 et \u00e0 20 et apr\u00e8s !<\/p>\n<p>Je n&rsquo;ai pas vu l&rsquo;heure passer : 1h30 aux pieds du Saint Esprit. Il faut rentrer ! L\u00e0 .. je pense d\u00e9j\u00e0 au bordel que \u00e7a va \u00eatre &#8230;. les endroits d\u00e9licats &#8230;&#8230; La charrette glisse assez : premi\u00e8re difficult\u00e9 : le ruisseau &#8230; Je me lache de la remorque , je passe de l&rsquo;autre cot\u00e9 et je tire \u00e0 la main en ski parall\u00e8les. Si \u00e7a m&rsquo;a pas pris 5 bonnes minutes pour faire 2 m\u00e8tres ! On enchaine avec les \u00ab\u00a0pentes pentues\u00a0\u00bb et la charrette qui se barre &#8230; j&rsquo;ai compris que \u00e7a aidait en appuyant sur le bras gauche en alu pour y mettre du poids , ce qui permet de garder un peu de stabilit\u00e9 et non laisser partir la charrette dans la pente : \u00e7a marche nickel mais je serre les fesses quand m\u00eame ! Non pas que le risque soit \u00e9norme &#8230; mais juste chiant si on glisse ! L&rsquo;arriv\u00e9e dans le bois me soulage un peu &#8230;<\/p>\n<p>Soulagement de 2 mins : l&rsquo;angle des pentes me fait prendre de l&rsquo;\u00e9lan surtout avec le poids derri\u00e8re qui pousse ( les cuisses en feu jusqu&rsquo;en bas \u00e0 cause de la technique du \u00ab\u00a0chasse la neige\u00a0\u00bb , pas le choix ). Je m&rsquo;arrette toutes les 2 minutes &#8230; C&rsquo;est pire qu&rsquo;\u00e0 la mont\u00e9e ! Et j&rsquo;appr\u00e9hendais l&rsquo;arriv\u00e9e \u00e0 la coul\u00e9e &#8230;. Ce passage aussi f\u00fbt m\u00e9morable : skis en travers, je descends comme si c&rsquo;\u00e9tait des escaliers tout en maintenant la barre gauche de la charrette. Apr\u00e8s une bonne dizaine de minutes, on sort enfin de ces difficult\u00e9s &#8230;. pour continuer \u00e0 me flinguer les coooouisses. L&rsquo;arriv\u00e9e au parking f\u00fbt un soulagement mais pas grave ! Le plaisir l\u00e0 haut f\u00fbt immense &#8230; tout se m\u00e9rite !!!!!!<\/p>\n<p>Il \u00e9tait 13h30 au parking &#8230; Et Esteban n&rsquo;a pas dormi cet apr\u00e8m &#8230;. Bordel , il va avoir plus de p\u00eache que moi bient\u00f4t ! Je vais r\u00e9ussir \u00e0 le suivre plus tard ???? No s\u00e9\u00a0 ! Mais ce que je sais , c&rsquo;est qu&rsquo;il n&rsquo;a pas chouin\u00e9 une fois de plus quand on sortons tous les 2 !<\/p>\n<p>Pour r\u00e9sumer : 700m de D+ sur un trajet court &#8230; et de belles photos et panoramas : la vue du ciel est par ici : <a href=\"http:\/\/www.lookit.org\/blog\/?page_id=2143\">CLIQUEZ MOI<\/a> et les photos de la sortie : <a href=\"http:\/\/www.lookit.org\/gallerie3\/index.php\/Esteban\/Chalets_Darbon_022015\" target=\"_blank\">ICI<\/a><\/p>\n<p>[wp_geo_map]<\/p>\n","protected":false},"excerpt":{"rendered":"<p>Encore une journ\u00e9e parfaite entre hommes &#8230; Pas un pleur ( peut etre moi un peu dans la difficult\u00e9 de cette sortie, j&rsquo;avoue\u00a0 ) ! Je me doutais que j&rsquo;allais en baver un peu car certes le denivel\u00e9 ne me faisait pas peur mais la distance plus courte que les pr\u00e9c\u00e9dentes sorties me disait que [&hellip;]<\/p>\n","protected":false},"author":1,"featured_media":0,"comment_status":"open","ping_status":"open","sticky":false,"template":"","format":"standard","meta":{"jetpack_post_was_ever_published":false,"_jetpack_newsletter_access":"","_jetpack_dont_email_post_to_subs":false,"_jetpack_newsletter_tier_id":0,"_jetpack_memberships_contains_paywalled_content":false,"_jetpack_memberships_contains_paid_content":false,"footnotes":"","jetpack_publicize_message":"","jetpack_publicize_feature_enabled":true,"jetpack_social_post_already_shared":true,"jetpack_social_options":{"image_generator_settings":{"template":"highway","default_image_id":0,"font":"","enabled":false},"version":2}},"categories":[6],"tags":[],"class_list":["post-2411","post","type-post","status-publish","format-standard","hentry","category-photographie"],"jetpack_publicize_connections":[],"jetpack_featured_media_url":"","jetpack_shortlink":"https:\/\/wp.me\/pWrTo-CT","jetpack_sharing_enabled":true,"jetpack_likes_enabled":true,"_links":{"self":[{"href":"http:\/\/www.lookit.org\/blog\/index.php?rest_route=\/wp\/v2\/posts\/2411","targetHints":{"allow":["GET"]}}],"collection":[{"href":"http:\/\/www.lookit.org\/blog\/index.php?rest_route=\/wp\/v2\/posts"}],"about":[{"href":"http:\/\/www.lookit.org\/blog\/index.php?rest_route=\/wp\/v2\/types\/post"}],"author":[{"embeddable":true,"href":"http:\/\/www.lookit.org\/blog\/index.php?rest_route=\/wp\/v2\/users\/1"}],"replies":[{"embeddable":true,"href":"http:\/\/www.lookit.org\/blog\/index.php?rest_route=%2Fwp%2Fv2%2Fcomments&post=2411"}],"version-history":[{"count":5,"href":"http:\/\/www.lookit.org\/blog\/index.php?rest_route=\/wp\/v2\/posts\/2411\/revisions"}],"predecessor-version":[{"id":2417,"href":"http:\/\/www.lookit.org\/blog\/index.php?rest_route=\/wp\/v2\/posts\/2411\/revisions\/2417"}],"wp:attachment":[{"href":"http:\/\/www.lookit.org\/blog\/index.php?rest_route=%2Fwp%2Fv2%2Fmedia&parent=2411"}],"wp:term":[{"taxonomy":"category","embeddable":true,"href":"http:\/\/www.lookit.org\/blog\/index.php?rest_route=%2Fwp%2Fv2%2Fcategories&post=2411"},{"taxonomy":"post_tag","embeddable":true,"href":"http:\/\/www.lookit.org\/blog\/index.php?rest_route=%2Fwp%2Fv2%2Ftags&post=2411"}],"curies":[{"name":"wp","href":"https:\/\/api.w.org\/{rel}","templated":true}]}}