{"id":2872,"date":"2016-06-14T15:18:40","date_gmt":"2016-06-14T13:18:40","guid":{"rendered":"http:\/\/www.lookit.org\/blog\/?p=2872"},"modified":"2016-06-14T15:18:40","modified_gmt":"2016-06-14T13:18:40","slug":"grand-parcours-club-alpin-chamonix-2016","status":"publish","type":"post","link":"http:\/\/www.lookit.org\/blog\/?p=2872","title":{"rendered":"Grand Parcours Club Alpin Chamonix &#8211; 2016"},"content":{"rendered":"<figure id=\"attachment_2873\" aria-describedby=\"caption-attachment-2873\" style=\"width: 267px\" class=\"wp-caption alignleft\"><a href=\"http:\/\/www.lookit.org\/blog\/wp-content\/uploads\/2016\/06\/DSC00165_resize_resize.jpg\"><img loading=\"lazy\" decoding=\"async\" data-attachment-id=\"2873\" data-permalink=\"http:\/\/www.lookit.org\/blog\/?attachment_id=2873\" data-orig-file=\"http:\/\/www.lookit.org\/blog\/wp-content\/uploads\/2016\/06\/DSC00165_resize_resize.jpg\" data-orig-size=\"267,200\" data-comments-opened=\"1\" data-image-meta=\"{&quot;aperture&quot;:&quot;3.5&quot;,&quot;credit&quot;:&quot;&quot;,&quot;camera&quot;:&quot;DSC-HX90V&quot;,&quot;caption&quot;:&quot;&quot;,&quot;created_timestamp&quot;:&quot;1465553663&quot;,&quot;copyright&quot;:&quot;&quot;,&quot;focal_length&quot;:&quot;4.1&quot;,&quot;iso&quot;:&quot;80&quot;,&quot;shutter_speed&quot;:&quot;0.000625&quot;,&quot;title&quot;:&quot;&quot;,&quot;orientation&quot;:&quot;1&quot;}\" data-image-title=\"La Mer de Glace\" data-image-description=\"&lt;p&gt;La Mer de Glace&lt;\/p&gt;\n\" data-image-caption=\"&lt;p&gt;La Mer de Glace&lt;\/p&gt;\n\" data-large-file=\"http:\/\/www.lookit.org\/blog\/wp-content\/uploads\/2016\/06\/DSC00165_resize_resize.jpg\" class=\"size-full wp-image-2873\" src=\"http:\/\/www.lookit.org\/blog\/wp-content\/uploads\/2016\/06\/DSC00165_resize_resize.jpg\" alt=\"La Mer de Glace\" width=\"267\" height=\"200\" \/><\/a><figcaption id=\"caption-attachment-2873\" class=\"wp-caption-text\">La Mer de Glace<\/figcaption><\/figure>\n<p>Un grand \u00e9v\u00e8nement au CLub Alpin : Le Grand Parcours de Chamonix &#8230; 400 participants, 40 b\u00e9n\u00e9voles encadrants &#8230;. et une m\u00e9t\u00e9o de merde ( pendant les 2 jours o\u00f9 les participants \u00e9taient l\u00e0 ) &#8230;. mais pas les 2 pr\u00e9c\u00e9dents pour les organisateurs ou ceux qui ont pos\u00e9 les parcours \ud83d\ude42<\/p>\n<p>4 jours de retrouvailles avec les vieilles connaissances des diff\u00e9rents clubs voisins, la montagne, les manips, et cette participation \u00e0 l&rsquo;organisation du GP. Cela ne m&rsquo;interessait pas vraiment de venir seulement en tant que participant et je me suis propos\u00e9 en tant que b\u00e9n\u00e9vole encadrant pour le week end &#8230; ainsi que pour aider \u00e0 faire les parcours. Nous \u00e9tions 7 pour cela partag\u00e9 sur les 2 sites ( moi : jeudi et vendredi et les autres : depuis mercredi ) : Mer de Glace avec le perforateur pour faire les GROSSES lunules ( 40 cms )\u00a0 afin qu&rsquo;elles puissent tenir pendant 2 jours et malgr\u00e9 la mauvaise m\u00e9t\u00e9o ( il a fallu pour cela prot\u00e9ger par des cailloux et de la neige chaques points afin d&rsquo;\u00e9viter la fonte par la pluie ) et Le Br\u00e9vent ( en face ) pour les parcours alpins.<\/p>\n<p>Le jeudi et le vendredi ont \u00e9t\u00e9 2 belles journ\u00e9es o\u00f9 le bronzage \u00e9tait de mise &#8230;. surtout sur la mer de glace le vendredi &#8230;. en pensant que le lendemain serait une journ\u00e9e\u00a0 de merde : ce f\u00fbt r\u00e9ellement le cas : nous avions \u00e9t\u00e9 tremp\u00e9s TOUS ( mes 9 particpants et moi &#8230; comme tout le monde ) comme si nous sortions de la machine \u00e0 laver sans le mode essorage : je n&rsquo;ai jamais \u00e9t\u00e9 aussi tremp\u00e9 ! JAMAIS ! Et l&rsquo;image de la machine \u00e0 laver est bien vraie &#8230; Mais les quelques exercices de grimpe sur glace ou ballade jusqu&rsquo;aux moulins ns a permis de nous r\u00e9chauffer un peu &#8230; Le dimanche avec le second groupe f\u00fbt tout aussi sympa mais moins pluvieux &#8230; OUF, \u00e7a ns a permis donc d&rsquo;aller grimper tranquillement sur le rocher et faire nos parcours d&rsquo;ar\u00eates avec les participants &#8230;<\/p>\n<p>Ma plus grosse surprise du week end a \u00e9t\u00e9 sur la mixit\u00e9 des cord\u00e9es : autant de femmes que d&rsquo;hommes &#8230;. une belle surprise !!! Et bien ravi \ud83d\ude42 !!! C&rsquo;est en rentrant que j&rsquo;ai remarqu\u00e9 que cette ambiance m&rsquo;avait manqu\u00e9 m\u00eame si je ne regrette pas le temps pass\u00e9 avec Esteban : expliquer aux personnes, partager, aider, voir les gens avec la banane sur la tronche : que du bonheur &#8230; Mais il est plus interessant de le vivre !<\/p>\n<p>[box type=\u00a0\u00bbinfo\u00a0\u00bb] Les quelques photos que j&rsquo;ai pu prendre au Grand Parcours malgr\u00e9 la mauvaise m\u00e9t\u00e9o &#8230; <a href=\"http:\/\/www.lookit.org\/gallerie3\/index.php\/Grand_Parcours_CAF_2016\" target=\"_blank\">ICI<\/a>[\/box]<\/p>\n<p>&nbsp;<\/p>\n","protected":false},"excerpt":{"rendered":"<p>Un grand \u00e9v\u00e8nement au CLub Alpin : Le Grand Parcours de Chamonix &#8230; 400 participants, 40 b\u00e9n\u00e9voles encadrants &#8230;. et une m\u00e9t\u00e9o de merde ( pendant les 2 jours o\u00f9 les participants \u00e9taient l\u00e0 ) &#8230;. mais pas les 2 pr\u00e9c\u00e9dents pour les organisateurs ou ceux qui ont pos\u00e9 les parcours \ud83d\ude42 4 jours de [&hellip;]<\/p>\n","protected":false},"author":1,"featured_media":0,"comment_status":"open","ping_status":"open","sticky":false,"template":"","format":"standard","meta":{"jetpack_post_was_ever_published":false,"_jetpack_newsletter_access":"","_jetpack_dont_email_post_to_subs":false,"_jetpack_newsletter_tier_id":0,"_jetpack_memberships_contains_paywalled_content":false,"_jetpack_memberships_contains_paid_content":false,"footnotes":"","jetpack_publicize_message":"","jetpack_publicize_feature_enabled":true,"jetpack_social_post_already_shared":true,"jetpack_social_options":{"image_generator_settings":{"template":"highway","default_image_id":0,"font":"","enabled":false},"version":2}},"categories":[3],"tags":[],"class_list":["post-2872","post","type-post","status-publish","format-standard","hentry","category-sorties"],"jetpack_publicize_connections":[],"jetpack_featured_media_url":"","jetpack_shortlink":"https:\/\/wp.me\/pWrTo-Kk","jetpack_sharing_enabled":true,"jetpack_likes_enabled":true,"_links":{"self":[{"href":"http:\/\/www.lookit.org\/blog\/index.php?rest_route=\/wp\/v2\/posts\/2872","targetHints":{"allow":["GET"]}}],"collection":[{"href":"http:\/\/www.lookit.org\/blog\/index.php?rest_route=\/wp\/v2\/posts"}],"about":[{"href":"http:\/\/www.lookit.org\/blog\/index.php?rest_route=\/wp\/v2\/types\/post"}],"author":[{"embeddable":true,"href":"http:\/\/www.lookit.org\/blog\/index.php?rest_route=\/wp\/v2\/users\/1"}],"replies":[{"embeddable":true,"href":"http:\/\/www.lookit.org\/blog\/index.php?rest_route=%2Fwp%2Fv2%2Fcomments&post=2872"}],"version-history":[{"count":1,"href":"http:\/\/www.lookit.org\/blog\/index.php?rest_route=\/wp\/v2\/posts\/2872\/revisions"}],"predecessor-version":[{"id":2874,"href":"http:\/\/www.lookit.org\/blog\/index.php?rest_route=\/wp\/v2\/posts\/2872\/revisions\/2874"}],"wp:attachment":[{"href":"http:\/\/www.lookit.org\/blog\/index.php?rest_route=%2Fwp%2Fv2%2Fmedia&parent=2872"}],"wp:term":[{"taxonomy":"category","embeddable":true,"href":"http:\/\/www.lookit.org\/blog\/index.php?rest_route=%2Fwp%2Fv2%2Fcategories&post=2872"},{"taxonomy":"post_tag","embeddable":true,"href":"http:\/\/www.lookit.org\/blog\/index.php?rest_route=%2Fwp%2Fv2%2Ftags&post=2872"}],"curies":[{"name":"wp","href":"https:\/\/api.w.org\/{rel}","templated":true}]}}