{"id":2875,"date":"2016-06-21T10:30:37","date_gmt":"2016-06-21T08:30:37","guid":{"rendered":"http:\/\/www.lookit.org\/blog\/?p=2875"},"modified":"2016-06-23T07:18:17","modified_gmt":"2016-06-23T05:18:17","slug":"journee-test-joelette-pour-handicape-au-forchat-esteban-a-lescalade-062016","status":"publish","type":"post","link":"http:\/\/www.lookit.org\/blog\/?p=2875","title":{"rendered":"Journ\u00e9e Test Joelette pour handicap\u00e9 au Forchat &#8211; Esteban \u00e0 l&rsquo;Escalade &#8211; 062016"},"content":{"rendered":"<figure id=\"attachment_2876\" aria-describedby=\"caption-attachment-2876\" style=\"width: 267px\" class=\"wp-caption alignleft\"><a href=\"http:\/\/www.lookit.org\/blog\/wp-content\/uploads\/2016\/06\/IMG_8557_resize.jpg\"><img loading=\"lazy\" decoding=\"async\" data-attachment-id=\"2876\" data-permalink=\"http:\/\/www.lookit.org\/blog\/?attachment_id=2876\" data-orig-file=\"http:\/\/www.lookit.org\/blog\/wp-content\/uploads\/2016\/06\/IMG_8557_resize.jpg\" data-orig-size=\"267,200\" data-comments-opened=\"1\" data-image-meta=\"{&quot;aperture&quot;:&quot;2.8&quot;,&quot;credit&quot;:&quot;&quot;,&quot;camera&quot;:&quot;Canon DIGITAL IXUS 960 IS&quot;,&quot;caption&quot;:&quot;&quot;,&quot;created_timestamp&quot;:&quot;1466332993&quot;,&quot;copyright&quot;:&quot;&quot;,&quot;focal_length&quot;:&quot;7.7&quot;,&quot;iso&quot;:&quot;250&quot;,&quot;shutter_speed&quot;:&quot;0.016666666666667&quot;,&quot;title&quot;:&quot;&quot;,&quot;orientation&quot;:&quot;1&quot;}\" data-image-title=\"Joelette au Mont Forchat\" data-image-description=\"&lt;p&gt;Joelette au Mont Forchat&lt;\/p&gt;\n\" data-image-caption=\"&lt;p&gt;Joelette au Mont Forchat&lt;\/p&gt;\n\" data-large-file=\"http:\/\/www.lookit.org\/blog\/wp-content\/uploads\/2016\/06\/IMG_8557_resize.jpg\" class=\"size-full wp-image-2876\" src=\"http:\/\/www.lookit.org\/blog\/wp-content\/uploads\/2016\/06\/IMG_8557_resize.jpg\" alt=\"Joelette au Mont Forchat\" width=\"267\" height=\"200\" \/><\/a><figcaption id=\"caption-attachment-2876\" class=\"wp-caption-text\">Joelette au Mont Forchat<\/figcaption><\/figure>\n<p>Le principe des r\u00e9seaux sociaux est principalement de partager des informations tout en restant chacun derri\u00e8re son \u00e9cran &#8230; Et souvent on r\u00e9d\u00e9couvre le partage lorsqu&rsquo;on se voit en vrai &#8230; Ns sommes gav\u00e9s d&rsquo;un trop plein de communications virtuelles mais pas r\u00e9elles. Et bien cette journ\u00e9e f\u00fbt l&rsquo;inverse.<\/p>\n<p>Quelques amis r\u00e9unis pour le d\u00e9but d&rsquo;un beau voyage \u00e0 l&rsquo;initiative de Pascalou : dimanche \u00e9tait une journ\u00e9e TEST de JOELETTE : il s&rsquo;agit d&rsquo;un si\u00e8ge sur roue avec suspension qui permet de transporter des personnes dans l&rsquo;incapacit\u00e9 de se d\u00e9placer par elles m\u00eame en terrain accident\u00e9 ( \u00ab\u00a0fauteuil roulant d&rsquo;handicap\u00e9 pour aller \u00e0 la montagne\u00a0\u00bb ). il n&rsquo;a pas \u00e9t\u00e9 difficile d&rsquo;expliquer aux enfants ce que nous allions faire. Je ne sais pas si Esteban a bien compris &#8230; mais je pense que s&rsquo;il voit quelqu&rsquo;un handicap\u00e9, je sais quelle sera sa r\u00e9action : il viendra aider comme papa ! Et je n&rsquo;aurais pas besoin de le forcer. Juste lui expliquer.<\/p>\n<p>La matin\u00e9e a d\u00e9but\u00e9 par un tour technique de la Joelette \ud83d\ude42 avant de d\u00e9marrer dans la boue et la mont\u00e9e avec les enfants. Au final : c&rsquo;est dans une foutue bonne ambiance que tout cela s&rsquo;est d\u00e9roul\u00e9. M\u00eame si le mauvais temps ( sans pluie ) a voulu nous d\u00e9motiver au d\u00e9part. Je pensais que \u00e7a allait \u00eatre plus dur de tracter qu&rsquo;avec la charette mais NON , bien au contraire : \u00e7a semble similaire \u00e0 un sac bien lourd de montagne ( une bonne quizaine de Kilos sur les \u00e9paules ) gr\u00e2ce \u00e0 la roue et son poids bien r\u00e9parti.<\/p>\n<p>Quoi qu&rsquo;il en soit, je crois que certains sont rest\u00e9s conquis par l&rsquo;action &#8230; pour ma part : si je suis dispo \u00e0 la prochaine : je serais pr\u00e9sent pour partager ce moment avec des personnes qui en ont besoin. Aujourd&rsquo;hui je crois que c&rsquo;est la seule chose qu&rsquo;il nous reste &#8230;<\/p>\n<p>La ballade s&rsquo;est termin\u00e9e par une bonne bi\u00e8re au soleil \ud83d\ude42 , une belle r\u00e9compense. Merci Pascalou pour cette initiative.<\/p>\n<p>Pour le reste du Week end &#8230;. Esteban a fait sa premi\u00e8re mont\u00e9e sur le mur d&rsquo;escalade de la salle de Douvaine sur la dizaine de m\u00e8tres un premier coup ( le deuxi\u00e8me a \u00e9t\u00e9 un peu plus compliqu\u00e9 : il y a avait les copains en bas qui courraient et moi qui voulait une photo de lui en haut !!!!! ) &#8230; ( journ\u00e9e d\u00e9couverte enfant organis\u00e9e par le CAF Douvaine o\u00f9 j&rsquo;ai contribu\u00e9 aussi \u00e0 la pr\u00e9sentation de l&rsquo;activit\u00e9 &gt;&gt;&gt; Ca fait du bien de voir des gens motiv\u00e9s ! Ca change \ud83d\ude09 ) et terminer la journ\u00e9e par un beau partage lors d&rsquo;un repas international africain. Je suis rest\u00e9 assez \u00e9pat\u00e9 par sa facilit\u00e9 \u00e0 grimper sur le mur, certes en attrapant toutes les prises mais une tr\u00e8s bonne dext\u00e9rit\u00e9 avec des placements et une bonne poign\u00e9e de mains &#8230; il avait besoin juste de soutien de temps en temps &#8230; Ben oui 10 m\u00e8tres c&rsquo;est haut pour un pti gras d&rsquo;un m\u00e8tre ! Il avait plus peur \u00e0 la descenbte qu&rsquo;\u00e0 la mont\u00e9e ! \ud83d\ude42<\/p>\n<p>Voici donc quelques photos et la vid\u00e9o la ballade en Joelette &#8230;<\/p>\n<p>&nbsp;<\/p>\n<table style=\"height: 344px;\" width=\"1296\">\n<tbody>\n<tr>\n<td>\n<p><figure id=\"attachment_2880\" aria-describedby=\"caption-attachment-2880\" style=\"width: 225px\" class=\"wp-caption aligncenter\"><a href=\"http:\/\/www.lookit.org\/blog\/wp-content\/uploads\/2016\/06\/IMG_5753_resize.jpg\"><img loading=\"lazy\" decoding=\"async\" data-attachment-id=\"2880\" data-permalink=\"http:\/\/www.lookit.org\/blog\/?attachment_id=2880\" data-orig-file=\"http:\/\/www.lookit.org\/blog\/wp-content\/uploads\/2016\/06\/IMG_5753_resize.jpg\" data-orig-size=\"768,1024\" data-comments-opened=\"1\" data-image-meta=\"{&quot;aperture&quot;:&quot;2.2&quot;,&quot;credit&quot;:&quot;&quot;,&quot;camera&quot;:&quot;iPhone 6 Plus&quot;,&quot;caption&quot;:&quot;&quot;,&quot;created_timestamp&quot;:&quot;1466243882&quot;,&quot;copyright&quot;:&quot;&quot;,&quot;focal_length&quot;:&quot;4.15&quot;,&quot;iso&quot;:&quot;40&quot;,&quot;shutter_speed&quot;:&quot;0.058823529411765&quot;,&quot;title&quot;:&quot;&quot;,&quot;orientation&quot;:&quot;1&quot;}\" data-image-title=\"Before &amp;#8230; la grimpe\" data-image-description=\"&lt;p&gt;Before &amp;#8230; la grimpe&lt;\/p&gt;\n\" data-image-caption=\"&lt;p&gt;Before &amp;#8230; la grimpe&lt;\/p&gt;\n\" data-large-file=\"http:\/\/www.lookit.org\/blog\/wp-content\/uploads\/2016\/06\/IMG_5753_resize-768x1024.jpg\" class=\"size-medium wp-image-2880\" src=\"http:\/\/www.lookit.org\/blog\/wp-content\/uploads\/2016\/06\/IMG_5753_resize-225x300.jpg\" alt=\"Before ... la grimpe\" width=\"225\" height=\"300\" srcset=\"http:\/\/www.lookit.org\/blog\/wp-content\/uploads\/2016\/06\/IMG_5753_resize-225x300.jpg 225w, http:\/\/www.lookit.org\/blog\/wp-content\/uploads\/2016\/06\/IMG_5753_resize.jpg 768w, http:\/\/www.lookit.org\/blog\/wp-content\/uploads\/2016\/06\/IMG_5753_resize-675x900.jpg 675w\" sizes=\"auto, (max-width: 225px) 100vw, 225px\" \/><\/a><figcaption id=\"caption-attachment-2880\" class=\"wp-caption-text\">Before &#8230; la grimpe<\/figcaption><\/figure><\/td>\n<td>\n<p><figure id=\"attachment_2881\" aria-describedby=\"caption-attachment-2881\" style=\"width: 225px\" class=\"wp-caption aligncenter\"><a href=\"http:\/\/www.lookit.org\/blog\/wp-content\/uploads\/2016\/06\/IMG_5754_resize.jpg\"><img loading=\"lazy\" decoding=\"async\" data-attachment-id=\"2881\" data-permalink=\"http:\/\/www.lookit.org\/blog\/?attachment_id=2881\" data-orig-file=\"http:\/\/www.lookit.org\/blog\/wp-content\/uploads\/2016\/06\/IMG_5754_resize.jpg\" data-orig-size=\"768,1024\" data-comments-opened=\"1\" data-image-meta=\"{&quot;aperture&quot;:&quot;2.2&quot;,&quot;credit&quot;:&quot;&quot;,&quot;camera&quot;:&quot;iPhone 6 Plus&quot;,&quot;caption&quot;:&quot;&quot;,&quot;created_timestamp&quot;:&quot;1466244229&quot;,&quot;copyright&quot;:&quot;&quot;,&quot;focal_length&quot;:&quot;4.15&quot;,&quot;iso&quot;:&quot;80&quot;,&quot;shutter_speed&quot;:&quot;0.03030303030303&quot;,&quot;title&quot;:&quot;&quot;,&quot;orientation&quot;:&quot;1&quot;}\" data-image-title=\"After la grimpe\" data-image-description=\"&lt;p&gt;After la grimpe&lt;\/p&gt;\n\" data-image-caption=\"&lt;p&gt;After la grimpe&lt;\/p&gt;\n\" data-large-file=\"http:\/\/www.lookit.org\/blog\/wp-content\/uploads\/2016\/06\/IMG_5754_resize-768x1024.jpg\" class=\"size-medium wp-image-2881\" src=\"http:\/\/www.lookit.org\/blog\/wp-content\/uploads\/2016\/06\/IMG_5754_resize-225x300.jpg\" alt=\"After la grimpe\" width=\"225\" height=\"300\" srcset=\"http:\/\/www.lookit.org\/blog\/wp-content\/uploads\/2016\/06\/IMG_5754_resize-225x300.jpg 225w, http:\/\/www.lookit.org\/blog\/wp-content\/uploads\/2016\/06\/IMG_5754_resize.jpg 768w, http:\/\/www.lookit.org\/blog\/wp-content\/uploads\/2016\/06\/IMG_5754_resize-675x900.jpg 675w\" sizes=\"auto, (max-width: 225px) 100vw, 225px\" \/><\/a><figcaption id=\"caption-attachment-2881\" class=\"wp-caption-text\">After la grimpe<\/figcaption><\/figure><\/td>\n<td>\n<p><figure id=\"attachment_2882\" aria-describedby=\"caption-attachment-2882\" style=\"width: 300px\" class=\"wp-caption aligncenter\"><a href=\"http:\/\/www.lookit.org\/blog\/wp-content\/uploads\/2016\/06\/IMG_5761_resize.jpg\"><img loading=\"lazy\" decoding=\"async\" data-attachment-id=\"2882\" data-permalink=\"http:\/\/www.lookit.org\/blog\/?attachment_id=2882\" data-orig-file=\"http:\/\/www.lookit.org\/blog\/wp-content\/uploads\/2016\/06\/IMG_5761_resize.jpg\" data-orig-size=\"1280,960\" data-comments-opened=\"1\" data-image-meta=\"{&quot;aperture&quot;:&quot;2.2&quot;,&quot;credit&quot;:&quot;&quot;,&quot;camera&quot;:&quot;iPhone 6 Plus&quot;,&quot;caption&quot;:&quot;&quot;,&quot;created_timestamp&quot;:&quot;1466267299&quot;,&quot;copyright&quot;:&quot;&quot;,&quot;focal_length&quot;:&quot;4.15&quot;,&quot;iso&quot;:&quot;40&quot;,&quot;shutter_speed&quot;:&quot;0.03030303030303&quot;,&quot;title&quot;:&quot;&quot;,&quot;orientation&quot;:&quot;1&quot;}\" data-image-title=\"Vive le foot !\" data-image-description=\"&lt;p&gt;Vive le foot !&lt;\/p&gt;\n\" data-image-caption=\"&lt;p&gt;Vive le foot !&lt;\/p&gt;\n\" data-large-file=\"http:\/\/www.lookit.org\/blog\/wp-content\/uploads\/2016\/06\/IMG_5761_resize-1024x768.jpg\" class=\"size-medium wp-image-2882\" src=\"http:\/\/www.lookit.org\/blog\/wp-content\/uploads\/2016\/06\/IMG_5761_resize-300x225.jpg\" alt=\"Vive le foot !\" width=\"300\" height=\"225\" srcset=\"http:\/\/www.lookit.org\/blog\/wp-content\/uploads\/2016\/06\/IMG_5761_resize-300x225.jpg 300w, http:\/\/www.lookit.org\/blog\/wp-content\/uploads\/2016\/06\/IMG_5761_resize-768x576.jpg 768w, http:\/\/www.lookit.org\/blog\/wp-content\/uploads\/2016\/06\/IMG_5761_resize-1024x768.jpg 1024w, http:\/\/www.lookit.org\/blog\/wp-content\/uploads\/2016\/06\/IMG_5761_resize-900x675.jpg 900w, http:\/\/www.lookit.org\/blog\/wp-content\/uploads\/2016\/06\/IMG_5761_resize.jpg 1280w\" sizes=\"auto, (max-width: 300px) 100vw, 300px\" \/><\/a><figcaption id=\"caption-attachment-2882\" class=\"wp-caption-text\">Vive le foot !<\/figcaption><\/figure><\/td>\n<td>\n<p><figure id=\"attachment_2883\" aria-describedby=\"caption-attachment-2883\" style=\"width: 300px\" class=\"wp-caption aligncenter\"><a href=\"http:\/\/www.lookit.org\/blog\/wp-content\/uploads\/2016\/06\/IMG_5762_resize.jpg\"><img loading=\"lazy\" decoding=\"async\" data-attachment-id=\"2883\" data-permalink=\"http:\/\/www.lookit.org\/blog\/?attachment_id=2883\" data-orig-file=\"http:\/\/www.lookit.org\/blog\/wp-content\/uploads\/2016\/06\/IMG_5762_resize.jpg\" data-orig-size=\"1280,960\" data-comments-opened=\"1\" data-image-meta=\"{&quot;aperture&quot;:&quot;2.2&quot;,&quot;credit&quot;:&quot;&quot;,&quot;camera&quot;:&quot;iPhone 6 Plus&quot;,&quot;caption&quot;:&quot;&quot;,&quot;created_timestamp&quot;:&quot;1466269740&quot;,&quot;copyright&quot;:&quot;&quot;,&quot;focal_length&quot;:&quot;4.15&quot;,&quot;iso&quot;:&quot;32&quot;,&quot;shutter_speed&quot;:&quot;0.0088495575221239&quot;,&quot;title&quot;:&quot;&quot;,&quot;orientation&quot;:&quot;1&quot;}\" data-image-title=\"Vive le foot !\" data-image-description=\"&lt;p&gt;Vive le foot !&lt;\/p&gt;\n\" data-image-caption=\"&lt;p&gt;Vive le foot !&lt;\/p&gt;\n\" data-large-file=\"http:\/\/www.lookit.org\/blog\/wp-content\/uploads\/2016\/06\/IMG_5762_resize-1024x768.jpg\" class=\"size-medium wp-image-2883\" src=\"http:\/\/www.lookit.org\/blog\/wp-content\/uploads\/2016\/06\/IMG_5762_resize-300x225.jpg\" alt=\"Vive le foot !\" width=\"300\" height=\"225\" srcset=\"http:\/\/www.lookit.org\/blog\/wp-content\/uploads\/2016\/06\/IMG_5762_resize-300x225.jpg 300w, http:\/\/www.lookit.org\/blog\/wp-content\/uploads\/2016\/06\/IMG_5762_resize-768x576.jpg 768w, http:\/\/www.lookit.org\/blog\/wp-content\/uploads\/2016\/06\/IMG_5762_resize-1024x768.jpg 1024w, http:\/\/www.lookit.org\/blog\/wp-content\/uploads\/2016\/06\/IMG_5762_resize-900x675.jpg 900w, http:\/\/www.lookit.org\/blog\/wp-content\/uploads\/2016\/06\/IMG_5762_resize.jpg 1280w\" sizes=\"auto, (max-width: 300px) 100vw, 300px\" \/><\/a><figcaption id=\"caption-attachment-2883\" class=\"wp-caption-text\">Vive le foot !<\/figcaption><\/figure><\/td>\n<\/tr>\n<\/tbody>\n<\/table>\n<p>&nbsp;<\/p>\n<p>[box type=\u00a0\u00bbinfo\u00a0\u00bb] Voici <a href=\"http:\/\/www.lookit.org\/gallerie3\/index.php\/Forchat_Joelette_062016\" target=\"_blank\">ICI<\/a> les photos de la ballade test en Joelette au Mont Forchat[\/box]<\/p>\n<p style=\"text-align: center;\"><iframe loading=\"lazy\" src=\"\/\/www.youtube.com\/embed\/6PREXnAHl24\" width=\"560\" height=\"314\" allowfullscreen=\"allowfullscreen\"><\/iframe><\/p>\n","protected":false},"excerpt":{"rendered":"<p>Le principe des r\u00e9seaux sociaux est principalement de partager des informations tout en restant chacun derri\u00e8re son \u00e9cran &#8230; Et souvent on r\u00e9d\u00e9couvre le partage lorsqu&rsquo;on se voit en vrai &#8230; Ns sommes gav\u00e9s d&rsquo;un trop plein de communications virtuelles mais pas r\u00e9elles. Et bien cette journ\u00e9e f\u00fbt l&rsquo;inverse. Quelques amis r\u00e9unis pour le d\u00e9but [&hellip;]<\/p>\n","protected":false},"author":1,"featured_media":0,"comment_status":"open","ping_status":"open","sticky":false,"template":"","format":"standard","meta":{"jetpack_post_was_ever_published":false,"_jetpack_newsletter_access":"","_jetpack_dont_email_post_to_subs":false,"_jetpack_newsletter_tier_id":0,"_jetpack_memberships_contains_paywalled_content":false,"_jetpack_memberships_contains_paid_content":false,"footnotes":"","jetpack_publicize_message":"","jetpack_publicize_feature_enabled":true,"jetpack_social_post_already_shared":true,"jetpack_social_options":{"image_generator_settings":{"template":"highway","default_image_id":0,"font":"","enabled":false},"version":2}},"categories":[3],"tags":[],"class_list":["post-2875","post","type-post","status-publish","format-standard","hentry","category-sorties"],"jetpack_publicize_connections":[],"jetpack_featured_media_url":"","jetpack_shortlink":"https:\/\/wp.me\/pWrTo-Kn","jetpack_sharing_enabled":true,"jetpack_likes_enabled":true,"_links":{"self":[{"href":"http:\/\/www.lookit.org\/blog\/index.php?rest_route=\/wp\/v2\/posts\/2875","targetHints":{"allow":["GET"]}}],"collection":[{"href":"http:\/\/www.lookit.org\/blog\/index.php?rest_route=\/wp\/v2\/posts"}],"about":[{"href":"http:\/\/www.lookit.org\/blog\/index.php?rest_route=\/wp\/v2\/types\/post"}],"author":[{"embeddable":true,"href":"http:\/\/www.lookit.org\/blog\/index.php?rest_route=\/wp\/v2\/users\/1"}],"replies":[{"embeddable":true,"href":"http:\/\/www.lookit.org\/blog\/index.php?rest_route=%2Fwp%2Fv2%2Fcomments&post=2875"}],"version-history":[{"count":6,"href":"http:\/\/www.lookit.org\/blog\/index.php?rest_route=\/wp\/v2\/posts\/2875\/revisions"}],"predecessor-version":[{"id":2887,"href":"http:\/\/www.lookit.org\/blog\/index.php?rest_route=\/wp\/v2\/posts\/2875\/revisions\/2887"}],"wp:attachment":[{"href":"http:\/\/www.lookit.org\/blog\/index.php?rest_route=%2Fwp%2Fv2%2Fmedia&parent=2875"}],"wp:term":[{"taxonomy":"category","embeddable":true,"href":"http:\/\/www.lookit.org\/blog\/index.php?rest_route=%2Fwp%2Fv2%2Fcategories&post=2875"},{"taxonomy":"post_tag","embeddable":true,"href":"http:\/\/www.lookit.org\/blog\/index.php?rest_route=%2Fwp%2Fv2%2Ftags&post=2875"}],"curies":[{"name":"wp","href":"https:\/\/api.w.org\/{rel}","templated":true}]}}