{"id":2888,"date":"2016-06-29T10:38:15","date_gmt":"2016-06-29T08:38:15","guid":{"rendered":"http:\/\/www.lookit.org\/blog\/?p=2888"},"modified":"2016-06-29T11:19:58","modified_gmt":"2016-06-29T09:19:58","slug":"chateau-doche-2197m-et-aretes-de-pelluaz-1100d-062016","status":"publish","type":"post","link":"http:\/\/www.lookit.org\/blog\/?p=2888","title":{"rendered":"Chateau d&rsquo;Oche 2197m et Ar\u00eates de Pelluaz &#8211; 1100D+ &#8211; 062016"},"content":{"rendered":"<figure id=\"attachment_2889\" aria-describedby=\"caption-attachment-2889\" style=\"width: 267px\" class=\"wp-caption alignleft\"><a href=\"http:\/\/www.lookit.org\/blog\/wp-content\/uploads\/2016\/06\/IMG_5845_resize_resize.jpg\"><img loading=\"lazy\" decoding=\"async\" data-attachment-id=\"2889\" data-permalink=\"http:\/\/www.lookit.org\/blog\/?attachment_id=2889\" data-orig-file=\"http:\/\/www.lookit.org\/blog\/wp-content\/uploads\/2016\/06\/IMG_5845_resize_resize.jpg\" data-orig-size=\"267,200\" data-comments-opened=\"1\" data-image-meta=\"{&quot;aperture&quot;:&quot;2.2&quot;,&quot;credit&quot;:&quot;&quot;,&quot;camera&quot;:&quot;iPhone 6 Plus&quot;,&quot;caption&quot;:&quot;&quot;,&quot;created_timestamp&quot;:&quot;1467097407&quot;,&quot;copyright&quot;:&quot;&quot;,&quot;focal_length&quot;:&quot;4.15&quot;,&quot;iso&quot;:&quot;32&quot;,&quot;shutter_speed&quot;:&quot;0.001187648456057&quot;,&quot;title&quot;:&quot;&quot;,&quot;orientation&quot;:&quot;1&quot;}\" data-image-title=\"Chateau d&amp;rsquo;Oche\" data-image-description=\"\" data-image-caption=\"&lt;p&gt;Chateau d&amp;rsquo;Oche&lt;\/p&gt;\n\" data-large-file=\"http:\/\/www.lookit.org\/blog\/wp-content\/uploads\/2016\/06\/IMG_5845_resize_resize.jpg\" class=\"size-full wp-image-2889\" src=\"http:\/\/www.lookit.org\/blog\/wp-content\/uploads\/2016\/06\/IMG_5845_resize_resize.jpg\" alt=\"Chateau d'Oche\" width=\"267\" height=\"200\" \/><\/a><figcaption id=\"caption-attachment-2889\" class=\"wp-caption-text\">Chateau d&rsquo;Oche<\/figcaption><\/figure>\n<p>Une d\u00e9couverte de plus de notre Chablais \u00e0 nous : \u00e7a fait\u00a0 7 ou 8 ans que j&rsquo;habite ici : je n&rsquo;avais fait ce sommet ! Je pass\u00e9 devant, en dessous, sur le cot\u00e9 &#8230;. Mais jamais au dessus. La Dent d&rsquo;Oche lui fait beaucoup d&rsquo;ombre malgr\u00e9 ses 30 m\u00e8tres de plus mais ce sommet reste n\u00e9anmoins un superbe sommet aussi car il procure une vue magnifique sur le Chablais \u00ab\u00a0int\u00e9rieur\u00a0\u00bb et non uniquement le Lac L\u00e9man.<\/p>\n<p>Sommet qui n&rsquo;est pas difficile, un peu a\u00e9rien par la vire normale mais une fois pass\u00e9e : c&rsquo;est comme un grand champ \ud83d\ude42 avant d&rsquo;atteindre le sommet. Nous avions juste un imp\u00e9ratif : le resto de 12h30 avec Pascalou &#8230; Du coup pour quand m\u00eame se faire plaisir : Denis a eu la bonne id\u00e9e de revenir sur les ar\u00eates de Pelluaz gr\u00e2ce \u00e0 ma cadence &#8230; C&rsquo;est l\u00e0 que j&rsquo;ai vu encore toute la beaut\u00e9 de notre r\u00e9gion ( m\u00eame si on ne d\u00e9passe pas les 4000 m\u00e8tres ! ) et je me suis pos\u00e9 la question pendant cette ballade : moi qui avait but\u00e9 au Col du Rebollion pour faire mon tour de la Dent d&rsquo;Oche \u00e0 ski et qui voulait revenir par les ar\u00eates de Pelluaz : je ne vois pas comment on peut monter \u00e0 ski sur cette ar\u00eate : il y a 50 m pas large du tout et bien raide &#8230; pas de quoi faire des convs c&rsquo;est clair. J&rsquo;en d\u00e9duis qu&rsquo;il faut porter juste pour ce petit bout ! On verra cet hiver &#8230;<\/p>\n<p>Quoi qu&rsquo;il en soit &#8230; la demie journ\u00e9e s&rsquo;est bien d\u00e9roul\u00e9e et notre ballade tr\u00e8s bonne &#8230; Je me rends compte qu&rsquo;au d\u00e9but on faisait 1000m de D+ et l\u00e0 les 1100m de D+ en une demie journ\u00e9e &#8230; l&rsquo;habitude de marcher surement ! Et apr\u00e8s le repas : ce f\u00fbt une apr\u00e8s midi baignade dans le Lac &#8230; avant de me dire : MERDE LA METEO EST BONNE , j&rsquo;ai encore envie d&rsquo;aller \u00e0 la montagne, la journ\u00e9e n&rsquo;est pas finie : Envie de faire un timelapse et dormir au sommet de la Dent d&rsquo;Oche &#8230; 30 mins apr\u00e8s : j&rsquo;\u00e9tais pr\u00eat pour passer une nuit magique ( article suivant ) malgr\u00e9 les 2100m de D+ \u00e0 la journ\u00e9e et avec le gros sac.<\/p>\n<p>Vu la simplicit\u00e9 de cette ballade au Chateau d&rsquo;Oche et le peu de risque : \u00e7a sera donc une ballade future avec quelques participants et JEUNES qui sera \u00e0 pr\u00e9voir. Une jolie course !<\/p>\n<p>&nbsp;<\/p>\n<p>[box type=\u00a0\u00bbinfo\u00a0\u00bb] Voici les PHOTOS <a href=\"http:\/\/www.lookit.org\/gallerie3\/index.php\/Chateau_Oche_Pelluaz_28062016\" target=\"_blank\">ICI<\/a> de la ballade &#8230; des gens heureux ![\/box]<\/p>\n","protected":false},"excerpt":{"rendered":"<p>Une d\u00e9couverte de plus de notre Chablais \u00e0 nous : \u00e7a fait\u00a0 7 ou 8 ans que j&rsquo;habite ici : je n&rsquo;avais fait ce sommet ! Je pass\u00e9 devant, en dessous, sur le cot\u00e9 &#8230;. Mais jamais au dessus. La Dent d&rsquo;Oche lui fait beaucoup d&rsquo;ombre malgr\u00e9 ses 30 m\u00e8tres de plus mais ce sommet [&hellip;]<\/p>\n","protected":false},"author":1,"featured_media":0,"comment_status":"open","ping_status":"open","sticky":false,"template":"","format":"standard","meta":{"jetpack_post_was_ever_published":false,"_jetpack_newsletter_access":"","_jetpack_dont_email_post_to_subs":false,"_jetpack_newsletter_tier_id":0,"_jetpack_memberships_contains_paywalled_content":false,"_jetpack_memberships_contains_paid_content":false,"footnotes":"","jetpack_publicize_message":"","jetpack_publicize_feature_enabled":true,"jetpack_social_post_already_shared":true,"jetpack_social_options":{"image_generator_settings":{"template":"highway","default_image_id":0,"font":"","enabled":false},"version":2}},"categories":[3],"tags":[],"class_list":["post-2888","post","type-post","status-publish","format-standard","hentry","category-sorties"],"jetpack_publicize_connections":[],"jetpack_featured_media_url":"","jetpack_shortlink":"https:\/\/wp.me\/pWrTo-KA","jetpack_sharing_enabled":true,"jetpack_likes_enabled":true,"_links":{"self":[{"href":"http:\/\/www.lookit.org\/blog\/index.php?rest_route=\/wp\/v2\/posts\/2888","targetHints":{"allow":["GET"]}}],"collection":[{"href":"http:\/\/www.lookit.org\/blog\/index.php?rest_route=\/wp\/v2\/posts"}],"about":[{"href":"http:\/\/www.lookit.org\/blog\/index.php?rest_route=\/wp\/v2\/types\/post"}],"author":[{"embeddable":true,"href":"http:\/\/www.lookit.org\/blog\/index.php?rest_route=\/wp\/v2\/users\/1"}],"replies":[{"embeddable":true,"href":"http:\/\/www.lookit.org\/blog\/index.php?rest_route=%2Fwp%2Fv2%2Fcomments&post=2888"}],"version-history":[{"count":3,"href":"http:\/\/www.lookit.org\/blog\/index.php?rest_route=\/wp\/v2\/posts\/2888\/revisions"}],"predecessor-version":[{"id":2893,"href":"http:\/\/www.lookit.org\/blog\/index.php?rest_route=\/wp\/v2\/posts\/2888\/revisions\/2893"}],"wp:attachment":[{"href":"http:\/\/www.lookit.org\/blog\/index.php?rest_route=%2Fwp%2Fv2%2Fmedia&parent=2888"}],"wp:term":[{"taxonomy":"category","embeddable":true,"href":"http:\/\/www.lookit.org\/blog\/index.php?rest_route=%2Fwp%2Fv2%2Fcategories&post=2888"},{"taxonomy":"post_tag","embeddable":true,"href":"http:\/\/www.lookit.org\/blog\/index.php?rest_route=%2Fwp%2Fv2%2Ftags&post=2888"}],"curies":[{"name":"wp","href":"https:\/\/api.w.org\/{rel}","templated":true}]}}