{"id":2894,"date":"2016-06-29T14:55:57","date_gmt":"2016-06-29T12:55:57","guid":{"rendered":"http:\/\/www.lookit.org\/blog\/?p=2894"},"modified":"2016-06-29T16:27:31","modified_gmt":"2016-06-29T14:27:31","slug":"timelapse-et-nuitee-au-sommet-de-la-dent-doche-28062016","status":"publish","type":"post","link":"http:\/\/www.lookit.org\/blog\/?p=2894","title":{"rendered":"Timelapse et nuit\u00e9e au sommet de la Dent d&rsquo;Oche &#8211; 2222m &#8211; 28062016"},"content":{"rendered":"<figure id=\"attachment_2896\" aria-describedby=\"caption-attachment-2896\" style=\"width: 267px\" class=\"wp-caption alignleft\"><a href=\"http:\/\/www.lookit.org\/blog\/wp-content\/uploads\/2016\/06\/IMG_5921_resize_resize.jpg\"><img loading=\"lazy\" decoding=\"async\" data-attachment-id=\"2896\" data-permalink=\"http:\/\/www.lookit.org\/blog\/?attachment_id=2896\" data-orig-file=\"http:\/\/www.lookit.org\/blog\/wp-content\/uploads\/2016\/06\/IMG_5921_resize_resize.jpg\" data-orig-size=\"267,200\" data-comments-opened=\"1\" data-image-meta=\"{&quot;aperture&quot;:&quot;2.2&quot;,&quot;credit&quot;:&quot;&quot;,&quot;camera&quot;:&quot;iPhone 6 Plus&quot;,&quot;caption&quot;:&quot;&quot;,&quot;created_timestamp&quot;:&quot;1467143877&quot;,&quot;copyright&quot;:&quot;&quot;,&quot;focal_length&quot;:&quot;4.15&quot;,&quot;iso&quot;:&quot;50&quot;,&quot;shutter_speed&quot;:&quot;0.058823529411765&quot;,&quot;title&quot;:&quot;&quot;,&quot;orientation&quot;:&quot;1&quot;}\" data-image-title=\"Bouquetin au Timelapse\" data-image-description=\"\" data-image-caption=\"&lt;p&gt;Bouquetin au Timelapse&lt;\/p&gt;\n\" data-large-file=\"http:\/\/www.lookit.org\/blog\/wp-content\/uploads\/2016\/06\/IMG_5921_resize_resize.jpg\" class=\"size-full wp-image-2896\" src=\"http:\/\/www.lookit.org\/blog\/wp-content\/uploads\/2016\/06\/IMG_5921_resize_resize.jpg\" alt=\"Bouquetin au Timelapse\" width=\"267\" height=\"200\" \/><\/a><figcaption id=\"caption-attachment-2896\" class=\"wp-caption-text\">Bouquetin au Timelapse<\/figcaption><\/figure>\n<p>&nbsp;<\/p>\n<p>Hier \u00e9tait une belle journ\u00e9e : Ballade au Ch\u00e2teau d&rsquo;Oche et baignade au Lac &#8230; Mais en rentrant du Lac j&rsquo;ai vu cette Dent d&rsquo;Oche sans nuage, avec un beau ciel &#8230;. Et la premi\u00e8re chose que me vient \u00e0 l&rsquo;id\u00e9e est : DODO LA HAUUUUT ! Je check la nounou ( car c&rsquo;\u00e9tait la semaine de Caro mais c&rsquo;est moi qui cherche Esteban tous les jours quand m\u00eame ), je checke les horaires pour ne pas louper le d\u00e9but du coucher &#8230; Et tout est ok : je rentre : je balance tout ce que j&rsquo;ai en t\u00eate pour me grouiller de monter &#8230;<\/p>\n<p>La remont\u00e9e des 980m de la Dent d&rsquo;Oche s&rsquo;est faite sans soucis malgr\u00e9 les 1100m de la matin\u00e9e au Chateau d&rsquo;Oche &#8230; bien au contraire : m\u00eame assez rapidement : 500m\/h avec le sac charg\u00e9 et la chaleur ( 29\u00b0 en partant avec la voiture ). Je croise un couple de conn&#8230;.. avec un chien : 2 personnes en baskets qui essayent de faire monter leur chien dans la chemin\u00e9e de la Dent d&rsquo;Oche !!!!! Je leur demande s&rsquo;ils sont du coin : 2 ochements de la t\u00eate : un qui dit oui, l&rsquo;autre qui dit non &#8230; Je leur dit : si vous \u00eates du coin vs \u00eates cenc\u00e9s \u00eatre au courant qu&rsquo;on ne laisse pas gambader un chien ( un Border en plus !!!! qui courait quelques minutes avant derri\u00e8re les bouquetins !!! ) dans une zone prot\u00e9g\u00e9e &#8230;. R\u00e9ponse niaise des personnes, c&rsquo;est l\u00e0 o\u00f9 on voit que l&rsquo;\u00e9t\u00e9 arrive et les touristes pr\u00e9sents ! Bouuuuuuuu &#8230;<\/p>\n<p>Je passe donc rapidement mon chemin pour \u00eatre s\u00fbr de ne pas voir je ne sais quoi de pas tr\u00e8s beau et j&rsquo;arrive au sommet. Je m&rsquo;arr\u00eate tout de m\u00eame au refuge pour leur demander si toutefois pendant la nuit : la porte de l&rsquo;entr\u00e9e reste ouverte ! Ben oui &#8230;. au cas o\u00f9 je me retrouve pas vraiment content d&rsquo;\u00eatre l\u00e0 haut ou que la pluie arrive etc etc &#8230;<\/p>\n<p>Il s&rsquo;est av\u00e9r\u00e9 qu&rsquo;une fois sur place : un grand \u00ab\u00a0bac\u00a0\u00bb de pierres a \u00e9t\u00e9 fait ( on le voit sur les photos ) pour permettre de se mettre \u00e0 l&rsquo;abri quand on est couch\u00e9 !!! Yeah : voici donc mon couchage pour la nuit &#8230;. Je m&rsquo;installe doucement car je susi arriv\u00e9 bien en avance. Et je d\u00e9cide de faire le con ( surement parce que je suis content d&rsquo;\u00eatre l\u00e0 haut sans souffrances apr\u00e8s 2100m de D+ !! ) : moi qui voulait partager ce moment avec Denis qui n&rsquo;a pas pu venir &#8230; Je d\u00e9cide donc de faire quelques selfies bien taquins ! Et Que fait un mec quand il veut \u00eatre taquin : il fait des conneries ! A voir donc sur les photos : les selfies de Manu !<\/p>\n<p>L&rsquo;heure du timelapse arrive enfin : il n&rsquo;y a personne qui est mont\u00e9 apr\u00e8s moi ou que j&rsquo;ai crois\u00e9, je pense donc que je vais me retrouver seul l\u00e0 haut &#8230; et ce f\u00fbt le cas. Seul : plus ou moins : les bouquetins m&rsquo;ont accompagn\u00e9 toute la nuit jusqu&rsquo;\u00e0 2h du matin &#8230;. Et ils \u00e9taient bien chiants : curieux, certains ne sont approch\u00e9s assez pr\u00e8s de l&rsquo;appareil pour appara\u00eetre ensuite sur la vid\u00e9o du timelapse ou mes photos. Cela m&rsquo; a fait tt de m\u00eame plaisir. Moins par contre que j&rsquo;ai essay\u00e9 de dormir vers 22h quand le TL s&rsquo;\u00e9tait termin\u00e9 ! Je ne me suis pas retrouv\u00e9 dans la nuit noire compl\u00e8te, d&rsquo;ailleurs la frontale n&rsquo;a servi \u00e0 rien et ce m\u00eame si ce n&rsquo;\u00e9tait pas la pleine lune &#8230; mais je sais pourquoi : le ciel \u00e9toil\u00e9 \u00e9tait splendide : je dormais sur le dos : la t\u00eate vers le ciel et m\u00eame si je bougeais les yeux partout : il y a avait toujours ces \u00e9toiles : statiques pour la plupart, filantes un peu ( bref passage ) ou filantes \u00ab\u00a0beaucoup\u00a0\u00bb : un long fil\u00e9 derri\u00e8re elles. Je ne sais pas combien j&rsquo;en ai vu mais un bon paquet c&rsquo;est clair. La voie lact\u00e9e \u00e9tait aussi visible \u00e0 l&rsquo;oeil nu !!!!!!! Mais j&rsquo;avais la fl\u00eame de sortir l&rsquo;appareil photo : j&rsquo;\u00e9tais bien au chaud dans mon sac de couchage \u00e0 contempler ce paysage. Parfois assis aussi pour regarder le lac : Oui on voit le lac \u00e0 partir de Geneve jusqu&rsquo;\u00e0 l&rsquo;autre bout et la nuit : c&rsquo;est EXTRAORDINAIRE car illumin\u00e9 de partout ! Montreux \u00e9tait color\u00e9e .. c&rsquo;\u00e9tait beau ! Il y a avait un vent froid quand m\u00eame : Un sac de couchage \u00e0 -15\u00b0, un sursac en Gore tex , un Kway, un bas de survet, 2 tee-shirts manches longues de ski, une cagoule de moto et un bonnet &#8230;. Et j&rsquo;\u00e9tais bien !!! Alors que je ne suis pas frileux !!!!! C&rsquo;est fou \u00e7a ! La nature nous rappelle qu&rsquo;on est tout petit et que m\u00eame si la journ\u00e9e il a fait 30\u00b0 &#8230; la nuit : elle fait ce qu&rsquo;elle veut en montagne. On voyait les nuages avancer \u00e0 l&rsquo;oeil nu. J&rsquo;ai trouv\u00e9 quelques instants pour m&rsquo;endormir et parfois : juste ouvrir les yeux pour profiter du ciel , voire cette voie lact\u00e9e pivoter au dessus de moi &#8230; NICKEL CHROME MON FRERE ! DE LA BOMBE ATOMIQUE !!!! Bref c&rsquo;\u00e9tait beau \ud83d\ude42<\/p>\n<p>Je me suis endormi profond\u00e9ment peu apr\u00e8s 2 heures &#8230;. et j&rsquo;ai fait un r\u00eave !!! J&rsquo;\u00e9ai r\u00e9alis\u00e9 que je me sentais bien &#8230; et surtout : pas de bouquetins pour me r\u00e9veiller autour de moi &#8230; Je ne sais pas o\u00f9 ils \u00e9taient \u00e0 ce moment l\u00e0. Vers 4h je me suis r\u00e9veill\u00e9 car j&rsquo;ai commenc\u00e9 \u00e0 voir doucement le lever du soleil et : PAS DE BOL : que des nuages noirs ( j&rsquo;ai eu droit \u00e0 quelques gouttes mais rien d&#8217;emmerdant ) &#8230; Et 15 mins apr\u00e8s : je vois une frontale qui s&rsquo;avance doucement jusqu&rsquo;\u00e0 la croix , en contrebas, je vois la personne bidouiller quelque chose, poser son sac et redescendre puis revenir quelques minutes apr\u00e8s, reprendre son sac et terminer la mont\u00e9e jusqu\u00e0 ce qu&rsquo;il arrive \u00e0 moi. Un homme qui s&rsquo;\u00e9tait r\u00e9veill\u00e9 t\u00f4t pour le lever du soleil aussi mais on s&rsquo;est rendu compte tous les 2 que c&rsquo;\u00e9tait loup\u00e9 : on ne voyait plus rien autour : la t\u00eate dans les nuages c&rsquo;\u00e9tait le cas de le dire. Vers 5h30 je crois j&rsquo;ai d\u00e9cid\u00e9 de remballer &#8230; tjs sans frontale car la lumi\u00e8re \u00e9tait bien pr\u00e9sente. Et l&rsquo;homme est rest\u00e9 quant \u00e0 lui \u00e0 \u00e9sp\u00e9rer du beau temps &#8230;<\/p>\n<p>La redescente f\u00fbt LOOOONGUE : je n&rsquo;ai rien mang\u00e9 le matin ni la veille au soir. M\u00eame si j&rsquo;avais pris ce qu&rsquo;il fallait &#8230; Je n&rsquo;avais tout simplement pas faim ! Mais j&rsquo;\u00e9tais heureux &#8230; Je n&rsquo;ai pas pris beaucoup de photos, le timelapse est tr\u00e8s simple &#8230; car pas beaucoup de nuages, juste un coucher de soleil pris \u00e0 partir du sommet de la Dent d&rsquo;Oche &#8230; mais le spectable nocturne \u00e9tait sensationnel &#8230; La faune locale et la nature pr\u00e9sente autour nous rappelle juste que nous sommes : RIEN &#8230; juste une particule dans l&rsquo;espace ! Alors pourquoi continuons nous \u00e0 foutre en l&rsquo;air notre plan\u00e8te ? \ud83d\ude41<\/p>\n<p>Si Esteban est en forme : samedi soit il passera la nuit &#8230; aux Lacs de la Case \ud83d\ude42 avec la tente &#8230; On verra &#8230;<\/p>\n<p>[box type=\u00a0\u00bbinfo\u00a0\u00bb] Cliquez <a href=\"http:\/\/www.lookit.org\/gallerie3\/index.php\/Dent_Oche_2829062016\" target=\"_blank\">ICI<\/a> pour voir les photos &#8230;.[\/box]<\/p>\n<p><iframe loading=\"lazy\" src=\"\/\/www.youtube.com\/embed\/rUFDUvIxppY\" width=\"560\" height=\"314\" allowfullscreen=\"allowfullscreen\"><\/iframe><\/p>\n","protected":false},"excerpt":{"rendered":"<p>&nbsp; Hier \u00e9tait une belle journ\u00e9e : Ballade au Ch\u00e2teau d&rsquo;Oche et baignade au Lac &#8230; Mais en rentrant du Lac j&rsquo;ai vu cette Dent d&rsquo;Oche sans nuage, avec un beau ciel &#8230;. Et la premi\u00e8re chose que me vient \u00e0 l&rsquo;id\u00e9e est : DODO LA HAUUUUT ! Je check la nounou ( car c&rsquo;\u00e9tait [&hellip;]<\/p>\n","protected":false},"author":1,"featured_media":0,"comment_status":"open","ping_status":"open","sticky":false,"template":"","format":"standard","meta":{"jetpack_post_was_ever_published":false,"_jetpack_newsletter_access":"","_jetpack_dont_email_post_to_subs":false,"_jetpack_newsletter_tier_id":0,"_jetpack_memberships_contains_paywalled_content":false,"_jetpack_memberships_contains_paid_content":false,"footnotes":"","jetpack_publicize_message":"","jetpack_publicize_feature_enabled":true,"jetpack_social_post_already_shared":true,"jetpack_social_options":{"image_generator_settings":{"template":"highway","default_image_id":0,"font":"","enabled":false},"version":2}},"categories":[3],"tags":[],"class_list":["post-2894","post","type-post","status-publish","format-standard","hentry","category-sorties"],"jetpack_publicize_connections":[],"jetpack_featured_media_url":"","jetpack_shortlink":"https:\/\/wp.me\/pWrTo-KG","jetpack_sharing_enabled":true,"jetpack_likes_enabled":true,"_links":{"self":[{"href":"http:\/\/www.lookit.org\/blog\/index.php?rest_route=\/wp\/v2\/posts\/2894","targetHints":{"allow":["GET"]}}],"collection":[{"href":"http:\/\/www.lookit.org\/blog\/index.php?rest_route=\/wp\/v2\/posts"}],"about":[{"href":"http:\/\/www.lookit.org\/blog\/index.php?rest_route=\/wp\/v2\/types\/post"}],"author":[{"embeddable":true,"href":"http:\/\/www.lookit.org\/blog\/index.php?rest_route=\/wp\/v2\/users\/1"}],"replies":[{"embeddable":true,"href":"http:\/\/www.lookit.org\/blog\/index.php?rest_route=%2Fwp%2Fv2%2Fcomments&post=2894"}],"version-history":[{"count":5,"href":"http:\/\/www.lookit.org\/blog\/index.php?rest_route=\/wp\/v2\/posts\/2894\/revisions"}],"predecessor-version":[{"id":2901,"href":"http:\/\/www.lookit.org\/blog\/index.php?rest_route=\/wp\/v2\/posts\/2894\/revisions\/2901"}],"wp:attachment":[{"href":"http:\/\/www.lookit.org\/blog\/index.php?rest_route=%2Fwp%2Fv2%2Fmedia&parent=2894"}],"wp:term":[{"taxonomy":"category","embeddable":true,"href":"http:\/\/www.lookit.org\/blog\/index.php?rest_route=%2Fwp%2Fv2%2Fcategories&post=2894"},{"taxonomy":"post_tag","embeddable":true,"href":"http:\/\/www.lookit.org\/blog\/index.php?rest_route=%2Fwp%2Fv2%2Ftags&post=2894"}],"curies":[{"name":"wp","href":"https:\/\/api.w.org\/{rel}","templated":true}]}}