{"id":2903,"date":"2016-07-04T16:11:30","date_gmt":"2016-07-04T14:11:30","guid":{"rendered":"http:\/\/www.lookit.org\/blog\/?p=2903"},"modified":"2016-07-04T16:20:20","modified_gmt":"2016-07-04T14:20:20","slug":"la-dent-doche-desteban-et-sa-nuitee-au-refuge-2222m-072016","status":"publish","type":"post","link":"http:\/\/www.lookit.org\/blog\/?p=2903","title":{"rendered":"La Dent d&rsquo;Oche d&rsquo;Esteban et sa nuit\u00e9e au refuge &#8211; 2222m &#8211; 072016"},"content":{"rendered":"<figure id=\"attachment_2904\" aria-describedby=\"caption-attachment-2904\" style=\"width: 267px\" class=\"wp-caption alignleft\"><a href=\"http:\/\/www.lookit.org\/blog\/wp-content\/uploads\/2016\/07\/IMG_5971_resize_resize.jpg\"><img loading=\"lazy\" decoding=\"async\" data-attachment-id=\"2904\" data-permalink=\"http:\/\/www.lookit.org\/blog\/?attachment_id=2904\" data-orig-file=\"http:\/\/www.lookit.org\/blog\/wp-content\/uploads\/2016\/07\/IMG_5971_resize_resize.jpg\" data-orig-size=\"267,200\" data-comments-opened=\"1\" data-image-meta=\"{&quot;aperture&quot;:&quot;2.2&quot;,&quot;credit&quot;:&quot;&quot;,&quot;camera&quot;:&quot;iPhone 6 Plus&quot;,&quot;caption&quot;:&quot;&quot;,&quot;created_timestamp&quot;:&quot;1467551132&quot;,&quot;copyright&quot;:&quot;&quot;,&quot;focal_length&quot;:&quot;4.15&quot;,&quot;iso&quot;:&quot;32&quot;,&quot;shutter_speed&quot;:&quot;0.00053106744556559&quot;,&quot;title&quot;:&quot;&quot;,&quot;orientation&quot;:&quot;1&quot;}\" data-image-title=\"Esteban et sa Dent d&amp;rsquo;Oche\" data-image-description=\"\" data-image-caption=\"&lt;p&gt;Esteban et sa Dent d&amp;rsquo;Oche&lt;\/p&gt;\n\" data-large-file=\"http:\/\/www.lookit.org\/blog\/wp-content\/uploads\/2016\/07\/IMG_5971_resize_resize.jpg\" class=\"size-full wp-image-2904\" src=\"http:\/\/www.lookit.org\/blog\/wp-content\/uploads\/2016\/07\/IMG_5971_resize_resize.jpg\" alt=\"Esteban et sa Dent d'Oche\" width=\"267\" height=\"200\" \/><\/a><figcaption id=\"caption-attachment-2904\" class=\"wp-caption-text\">Esteban et sa Dent d&rsquo;Oche<\/figcaption><\/figure>\n<p>C&rsquo;est sur ce genre de sorties que l&rsquo;on se rend compte que les parents \u00ab\u00a0isol\u00e9s\u00a0\u00bb en chient plus que les autres en couple. On doit tout faire seul, penser \u00e0 tout et PORTER TOUT et \u00e7a demande un peu plus de mental que 2 personnes r\u00e9unies formant un couple. Je voulais emmener Esteban dormir en tente quelque part ( Lacs de la Case ou Hermone ) mais quand j&rsquo;ai vu la m\u00e9t\u00e9o de ces 2 jours , je n&rsquo;ai pas pu r\u00e9sister \u00e0 ce projet qui me tenait \u00e0 coeur depuis qu&rsquo;Esteban est n\u00e9 : la Dent d&rsquo;Oche et son refuge en nid d&rsquo;aigle &#8230; Je ne sais pas combien de fois j&rsquo;ai pu la faire mais celle-ci ne ressemblait pas aux autres. Surement aussi parce qu&rsquo;Esteban \u00e9tait l\u00e0 mais surtout parce qu&rsquo;avoir un sac de 30 kgs dans le dos \u00e0 g\u00e9rer ( Esteban, habits, eau , corde , baudrier , etc etc ) n&rsquo;\u00e9tait pas une mince affaire. Mais la patience et la tranquilit\u00e9 m&rsquo;ont permis de mener \u00e0 bien ce projet. Je n&rsquo;ai rien pris pour moi hormis des barres de c\u00e9r\u00e9ales pour faire au moins cher, et lui : avoir un repas normal au refuge ainsi que le pti d\u00e9j. La r\u00e9alit\u00e9 f\u00fbt une autre belle surprise mais je la garde pour moi \ud83d\ude42<\/p>\n<p>Esteban voulait faire de l&rsquo;escalade &#8230; il a pu \ud83d\ude42 h\u00e9h\u00e9h\u00e9 &#8230; La gestion de l&rsquo;effort de ce pti bout pour \u00e9viter de le casser de fatigue a \u00e9t\u00e9 r\u00e9fl\u00e9chie convenablement &#8230; : D\u00e9part vers 11h30 avec un portage dans le chemin de pierres plus direct jusqu&rsquo;\u00e0 la sortie de la f\u00f4ret au croisement du chemin p\u00e9d\u00e9stre et celui du chemin du quad. L\u00e0 Esteban a march\u00e9 jusq&rsquo;aux Chalets d&rsquo;Oche. Petite pause repas pour lui et portage jusqu&rsquo;\u00e0 la chemin\u00e9e &#8230; Il s&rsquo;\u00e9quipe avec son baudrier et c&rsquo;est parti &#8230; Un pti coup de pouce dans cette chemin\u00e9e pour adulte mais \u00e0 la sortie : il a continu\u00e9 doucement jusqu&rsquo;au refuge sous les encouragements des passants et d&rsquo;un copain du club avec son chien. Pas de pleurs pour Esteban mais un peu peur tout de m\u00eame malgr\u00e9 le fait que le placement de ses petits pieds \u00e9taient parfaits ainsi que ses mains. Il faut appr\u00e9hender la montagne doucement et ma main \u00e9tait toujours contre lui. La constatation finale au refuge \u00e9tait : \u00ab\u00a0c\u00e9tait dur , j&rsquo;ai eu un peu peur\u00a0\u00bb &#8230; Mais il \u00e9tait content ( du moins apr\u00e8s coup , apr\u00e8s \u00eatre redescendu \u00e0 la maison \ud83d\ude00 ). Haaaaaaa sentir la vie dans ses vaines avec les sensations !!!<\/p>\n<p>L&rsquo;arriv\u00e9e au refuge nous a permis de nous poser un peu , discuter aussi avec les 2 gardiennes ( vieilles connaissances ) et leur filer un coup de main pour le montage des tables et quelques coups de vis. Je propose \u00e0 Esteban de finir l&rsquo;ascension : il a choisit le sac ! \ud83d\ude42 Ce qui m&rsquo;a permis d&rsquo;avancer doucement et prendre un itin\u00e9raire plus simple en escaliers que celui que je prends habituellement en sautant. L&rsquo;ar\u00eate \u00e9tait simple ( c&rsquo;est fou de se dire qu&rsquo;\u00e0 ces endroits il y a quelques ann\u00e9es, j&rsquo;\u00e9tais incapable de me tenir debout , et pouvoir regarder sur les cot\u00e9s ! ) et l&rsquo;usage des mains \u00e9tait utiles pour la stablit\u00e9 ( \u00e0 l&rsquo;inverse des moments o\u00f9 je ne suis pas charg\u00e9 et o\u00f9 on peut consid\u00e9rer cela comme une marche alpine ) mais cette travers\u00e9e jusqu&rsquo;au sommet s&rsquo;est faite sans aucun heurts , comme la descente jusqu&rsquo;au refuge. j&rsquo;ai pu discut\u00e9 avec mon pote ( c\u00e9libataire , sans enfants, et qui a fait 71 sommets sur les 82 &#8230;. l&rsquo;ENFOIRE !!!! \ud83d\ude42 Moi qui n&rsquo;avait fait que le quart \ud83d\ude41 ) et faire des gros calins avec Esteban \u00e0 l&#8217;emplacement m\u00eame o\u00f9 j&rsquo;avais dormi quelques jours avant seul \u00e0 la belle \u00e9toile, avec la m\u00eame vue ! Au sommet un pti vent quand m\u00eame mais m\u00e9lang\u00e9 au soleil ! Un moment de paix partag\u00e9e avec Esteban &#8230; il se sentait bien : il faisait le foufou sur mes genoux ! J&rsquo;ai compris qu&rsquo;il \u00e9tait \u00e0 l&rsquo;aise quand m\u00eame et l&rsquo;explication du \u00ab\u00a0papa-encadrant\u00a0\u00bb n&rsquo;a pas tard\u00e9 : \u00ab\u00a0Attention , on joue pas \u00e0 la montagne ! A la montagne : quand il y a bobos , c&rsquo;est tr\u00e8s tr\u00e8s grave et \u00e7a fait tr\u00e8s tr\u00e8s mal !\u00a0\u00bb.<\/p>\n<p>Au retour au refuge : on se change , on finit de monter les tables et on pr\u00e9pare le feu ensemble pour r\u00e9chauffer cette salle \u00e0 manger bien froide &#8230;. Long \u00e0 venir mais tellement bon quand il a d\u00e9marr\u00e9 ! Ce qui nous a permis de jouer ensemble aux traditionnels jeux et dessiner un peu &#8230; ou faire les cons et aussi appr\u00e9cier la visite des bouquetins pr\u00e8s du refuge.<\/p>\n<p>Apr\u00e8s un repas digne d&rsquo;un bon pti restaurant , oui oui ( certes tout en restant simple ) , nous d\u00e9cidions ( apr\u00e8s ENCORE une partie deu jeu des cheveaux ) d&rsquo;aller au dodo &#8230; et l\u00e0 : c&rsquo;\u00e9tait ma crainte : le froid pour Esteban ( moi je dormais tel quel &#8230; ) . Malgr\u00e9 le fait de prendre un sac de dodo pour lui ( avec un gain de 4\u00b0 \u00e0 5\u00b0 ) , son pyjama, 2 tee-shirts en dessous et un survet en plus &#8230; sans compter les 3 couvertures \u00e9tal\u00e9es sur lui, je croisais les doigts qu&rsquo;il n&rsquo;aie pas froid .. Et ce f\u00fbt le cas ! YES !!!!! Malgr\u00e9 le fait de ne pas avoir dormi de la nuit &#8230; j&rsquo;\u00e9tais content. M\u00eame s&rsquo;il s&rsquo;\u00e9tait r\u00e9veill\u00e9 le plus tard du dortoir ! h\u00e9h\u00e9h\u00e9h\u00e9 ! Vers 23h : une petite crise lorsqu&rsquo;il s&rsquo;est r\u00e9veill\u00e9 pour boire de l&rsquo;eau et que je lui ai coll\u00e9 la lumi\u00e8re rouge de la frontale dans la tronche .. sans le vouloir !! Mais ensutie il a fait la nuit compl\u00e8tre , entrecoup\u00e9e de micro r\u00e9veil o\u00f9 je devais le remettre correctement dans le duvet, sous les couvertures ! Ben oui MONSIEUR fait le cirque du Soleil dans le lit la nuit &#8230; \u00e0 se retrouver \u00e0 dormir \u00e0 l&rsquo;ext\u00e9rieur du lit ! bref &#8230;. des bons moments quand m\u00eame !<\/p>\n<p>Un pti d\u00e9j tr\u00e8s correct aussi avec des myrtilles et un th\u00e9 et pour lui de l&rsquo;eau , encore de l&rsquo;eau et tjs de l&rsquo;eau ! AQUA for EVER ! On essaye de r\u00e9gler le probl\u00e8me internet du refuge avant de partir &#8230; ( je dois avoir grav\u00e9 sur mon front : INFORMATICIEN , c&rsquo;est pas possible autrement ! ) mais sans y parvenir : soit l&rsquo;antenne a boug\u00e9, soit la box n&rsquo;a pas support\u00e9 l&rsquo;hiver au refuge &#8230; Mais la connexion au sat n&rsquo;\u00e9tait pas fonctionnelle ! Et on entame la descente ( et c&rsquo;\u00e9tait ma plus grande peur du week end je l&rsquo;avoue ) doucement : parce que je suis froid et que le matin : c&rsquo;est encore humide &#8230; Pas envie de me la coller avec lui derri\u00e8re .. C&rsquo;est peut \u00eatre cette crainte aussi qui m&rsquo;a permis de descendre tranquillement en discutant avec Esteban qui r\u00e9p\u00e9tait apr\u00e8s moi les bruits qui sortaient de ma bouche \ud83d\ude42 . Au final tout s&rsquo;estt tr\u00e8s tr\u00e8s bien pass\u00e9 jusqu&rsquo;\u00e0 la fin des hautes marches de pierres juste apr\u00e8s la chemin\u00e9e en descendant &#8230; Une fois cela pass\u00e9, j&rsquo;\u00e9tais soulag\u00e9 .. Et Esteban a pu faire la locomotive avec mes batons et moi derri\u00e8re sur le reste du chemin &#8230; jusqu&rsquo;au &#8230;&#8230;&#8230;&#8230;&#8230;. croisement de la for\u00eat et du chemin du quad. Ce qui \u00e9tait une belle marche pour lui , il a aussi march\u00e9 quelques fois dans la for\u00eat , par le chemin un peu plus long mais moins pentu ( celui du quad ) jusqu&rsquo;\u00e0 la voiture.<\/p>\n<p>Une fois \u00e0 la voiture , de lui m\u00eame il a dit : \u00ab\u00a0c&rsquo;\u00e9tait une jolie ballade &#8230; mais c&rsquo;\u00e9tait un pti peu long !\u00a0\u00bb &#8230;&#8230;&#8230;&#8230;&#8230; \u00e7a promet ! \ud83d\ude42 Une petite sieste dans la voiture en rentrant et une petite \u00e0 la maison apr\u00e8s une bonne douche ! Ca fait du bien &#8230; c&rsquo;est fou &#8230; Et surtout heureux &#8230; QUand il grandira, ces choses ressortiront de sa t\u00eate et il dira : je connais &#8230; Il a une sacr\u00e9e m\u00e9moire ce pti gars. Et lui faire aimer cela sans le d\u00e9gouter demande de prendre beaucoup sur moi &#8230; physiquement et mentalement aussi &#8230; Il n&rsquo;a que 3 ans et demie ! Je l&rsquo;aime !<\/p>\n<p>[box type=\u00a0\u00bbinfo\u00a0\u00bb] Et voic les photos <a href=\"http:\/\/www.lookit.org\/gallerie3\/index.php\/Esteban\/Dent_Oche_Esteban_03072016\" target=\"_blank\">ICI<\/a> de la sortie &#8230;[\/box]<\/p>\n<p>&nbsp;<\/p>\n","protected":false},"excerpt":{"rendered":"<p>C&rsquo;est sur ce genre de sorties que l&rsquo;on se rend compte que les parents \u00ab\u00a0isol\u00e9s\u00a0\u00bb en chient plus que les autres en couple. On doit tout faire seul, penser \u00e0 tout et PORTER TOUT et \u00e7a demande un peu plus de mental que 2 personnes r\u00e9unies formant un couple. Je voulais emmener Esteban dormir en [&hellip;]<\/p>\n","protected":false},"author":1,"featured_media":0,"comment_status":"open","ping_status":"open","sticky":false,"template":"","format":"standard","meta":{"jetpack_post_was_ever_published":false,"_jetpack_newsletter_access":"","_jetpack_dont_email_post_to_subs":false,"_jetpack_newsletter_tier_id":0,"_jetpack_memberships_contains_paywalled_content":false,"_jetpack_memberships_contains_paid_content":false,"footnotes":"","jetpack_publicize_message":"","jetpack_publicize_feature_enabled":true,"jetpack_social_post_already_shared":true,"jetpack_social_options":{"image_generator_settings":{"template":"highway","default_image_id":0,"font":"","enabled":false},"version":2}},"categories":[3],"tags":[],"class_list":["post-2903","post","type-post","status-publish","format-standard","hentry","category-sorties"],"jetpack_publicize_connections":[],"jetpack_featured_media_url":"","jetpack_shortlink":"https:\/\/wp.me\/pWrTo-KP","jetpack_sharing_enabled":true,"jetpack_likes_enabled":true,"_links":{"self":[{"href":"http:\/\/www.lookit.org\/blog\/index.php?rest_route=\/wp\/v2\/posts\/2903","targetHints":{"allow":["GET"]}}],"collection":[{"href":"http:\/\/www.lookit.org\/blog\/index.php?rest_route=\/wp\/v2\/posts"}],"about":[{"href":"http:\/\/www.lookit.org\/blog\/index.php?rest_route=\/wp\/v2\/types\/post"}],"author":[{"embeddable":true,"href":"http:\/\/www.lookit.org\/blog\/index.php?rest_route=\/wp\/v2\/users\/1"}],"replies":[{"embeddable":true,"href":"http:\/\/www.lookit.org\/blog\/index.php?rest_route=%2Fwp%2Fv2%2Fcomments&post=2903"}],"version-history":[{"count":4,"href":"http:\/\/www.lookit.org\/blog\/index.php?rest_route=\/wp\/v2\/posts\/2903\/revisions"}],"predecessor-version":[{"id":2908,"href":"http:\/\/www.lookit.org\/blog\/index.php?rest_route=\/wp\/v2\/posts\/2903\/revisions\/2908"}],"wp:attachment":[{"href":"http:\/\/www.lookit.org\/blog\/index.php?rest_route=%2Fwp%2Fv2%2Fmedia&parent=2903"}],"wp:term":[{"taxonomy":"category","embeddable":true,"href":"http:\/\/www.lookit.org\/blog\/index.php?rest_route=%2Fwp%2Fv2%2Fcategories&post=2903"},{"taxonomy":"post_tag","embeddable":true,"href":"http:\/\/www.lookit.org\/blog\/index.php?rest_route=%2Fwp%2Fv2%2Ftags&post=2903"}],"curies":[{"name":"wp","href":"https:\/\/api.w.org\/{rel}","templated":true}]}}