{"id":2909,"date":"2016-07-11T18:58:08","date_gmt":"2016-07-11T16:58:08","guid":{"rendered":"http:\/\/www.lookit.org\/blog\/?p=2909"},"modified":"2016-07-11T19:03:49","modified_gmt":"2016-07-11T17:03:49","slug":"dome-des-glaciers-par-larete-des-lanchettes-3592m-072016","status":"publish","type":"post","link":"http:\/\/www.lookit.org\/blog\/?p=2909","title":{"rendered":"D\u00f4me des Glaciers par l&rsquo;ar\u00eate des Lanchettes &#8211; 3592m &#8211; 072016"},"content":{"rendered":"<figure id=\"attachment_2910\" aria-describedby=\"caption-attachment-2910\" style=\"width: 300px\" class=\"wp-caption alignleft\"><a href=\"http:\/\/www.lookit.org\/blog\/wp-content\/uploads\/2016\/07\/DSC03224_resize_resize.jpg\"><img loading=\"lazy\" decoding=\"async\" data-attachment-id=\"2910\" data-permalink=\"http:\/\/www.lookit.org\/blog\/?attachment_id=2910\" data-orig-file=\"http:\/\/www.lookit.org\/blog\/wp-content\/uploads\/2016\/07\/DSC03224_resize_resize.jpg\" data-orig-size=\"300,200\" data-comments-opened=\"1\" data-image-meta=\"{&quot;aperture&quot;:&quot;5.6&quot;,&quot;credit&quot;:&quot;&quot;,&quot;camera&quot;:&quot;DSC-RX100M4&quot;,&quot;caption&quot;:&quot;&quot;,&quot;created_timestamp&quot;:&quot;1468128924&quot;,&quot;copyright&quot;:&quot;&quot;,&quot;focal_length&quot;:&quot;8.8&quot;,&quot;iso&quot;:&quot;125&quot;,&quot;shutter_speed&quot;:&quot;0.003125&quot;,&quot;title&quot;:&quot;&quot;,&quot;orientation&quot;:&quot;1&quot;}\" data-image-title=\"Ar\u00eate des Lanchettes\" data-image-description=\"\" data-image-caption=\"&lt;p&gt;Ar\u00eate des Lanchettes&lt;\/p&gt;\n\" data-large-file=\"http:\/\/www.lookit.org\/blog\/wp-content\/uploads\/2016\/07\/DSC03224_resize_resize.jpg\" class=\"size-medium wp-image-2910\" src=\"http:\/\/www.lookit.org\/blog\/wp-content\/uploads\/2016\/07\/DSC03224_resize_resize-300x200.jpg\" alt=\"Ar\u00eate des Lanchettes\" width=\"300\" height=\"200\" srcset=\"http:\/\/www.lookit.org\/blog\/wp-content\/uploads\/2016\/07\/DSC03224_resize_resize.jpg 300w, http:\/\/www.lookit.org\/blog\/wp-content\/uploads\/2016\/07\/DSC03224_resize_resize-140x94.jpg 140w\" sizes=\"auto, (max-width: 300px) 100vw, 300px\" \/><\/a><figcaption id=\"caption-attachment-2910\" class=\"wp-caption-text\">Ar\u00eate des Lanchettes<\/figcaption><\/figure>\n<p>Un bien joli week-end auquel je ne m&rsquo;attendais pas vraiment.\u00a0 Ma nouvelle vie me laissant du temps , je profite donc de ces moments pour me remettre \u00e0 ce que j&rsquo;aime : vadrouiller \u00e0 la montagne et partager ces moments. Quelle chance ce week end d&rsquo;avoir partag\u00e9 cela avec 5 nanas toutes aussi motiv\u00e9es les unes que les autres. Une course sur 2 jours de 900m\/jour pour arriver \u00e0 cette bonne altitude de quasi 3600m.<\/p>\n<p>Une course pas tr\u00e8s difficile, le passage le plus interessant \u00e9tant la mont\u00e9e derri\u00e8re le refuge o\u00f9 j&rsquo;ai opt\u00e9 pour un final un peu plus direct et ma propre trace pour un peu plus raide avant d&rsquo;arriver sur l&rsquo;ar\u00eate qui nous emmenait jusqu&rsquo;au D\u00f4me. Niveau II, avec quelques passages a\u00e9riens \u00e0 prot\u00e9ger ( dans le style des Crochues ).<\/p>\n<p>Apr\u00e8s 2 heures de route pour arriver au parking et essayer de choper le mini bus jusqu&rsquo;au d\u00e9part du sentir nous menant au refuge Robert Blanc, bus dont les destinations avaient chang\u00e9, nous avons d\u00fb marcher un peu plus sous un soleil de plomb &#8230; des arr\u00eats pr\u00e8s des cascades et se rafraichir pour finir par quelques n\u00e9v\u00e9s avant le refuge.<\/p>\n<p>Ce refuge est implant\u00e9 en plein milieu d&rsquo;une sorte de grand cirque qui traverse le chemin faisant le tour du Mt Blanc, l&rsquo;acc\u00e8s n&rsquo;est pas compliqu\u00e9 , juste long sous le soleil &#8230; mais la bi\u00e8re est tjs aussi bonne l\u00e0 haut. Nous marchions en voyant la destination du lendemain : le D\u00f4me en dessous de l&rsquo;aiguille des Glaciers , plus haut sommet local ( Aiguille en AD qui m&rsquo;a bien tent\u00e9 ).<\/p>\n<p>Un acceuil tr\u00e8s sympa au refuge ! Ils nous ont demand\u00e9 l&rsquo;heure du lever sans nous l&rsquo;imposer ! Nous avons donc avanc\u00e9 d&rsquo;une heure le d\u00e9part afin pallier \u00e0 la vitesse du groupe par rapport \u00e0 la vitesse d&rsquo;approche du samedi ( et cela nous a bien servi pour le retour le dimanche avec le bus !!!!!! Yeah !!! ). Un lever \u00e0 3h45 pour un d\u00e9part \u00e0 4h .. et mais une chaleur l\u00e0 haut \u00e0 un point o\u00f9 la gore-tex est rest\u00e9e dans le sac, et c&rsquo;est le coupe vent raidlight qui m&rsquo;a fait la journ\u00e9e ! Au lever, je suis aller voir \u00e0 l&rsquo;ext\u00e9rieur car j&rsquo;\u00e9tais lev\u00e9 un peu plus t\u00f4t et l\u00e0 j&rsquo;ai vu un superbe spectacle : la voie lact\u00e9e sous mes yeux !!!! Elle \u00e9tait l\u00e0 toute belle et je n&rsquo;ai pas r\u00e9sist\u00e9 \u00e0 prendre quelques photos qui sont dans la gallerie &#8230; parfois, on ne l\u00e8ve pas les yeux assez haut !<\/p>\n<p>Comme \u00e0 l&rsquo;accoutum\u00e9e dans mes courses : On se pr\u00e9pare vite, on sort preums &#8230; mais on avance \u00e0 la bonne allure ensuite sans se stresser . Tout est dans l&rsquo;organisation et cela nous a permis aussi d&rsquo;\u00eatre peinard ( ou quasi presque ) dans les horaires.\u00a0 La frontale \u00e0 peine utile , mais j&rsquo;ai opt\u00e9 pour une mont\u00e9e comme en ski de rando\u00a0 au d\u00e9part pour s&rsquo;\u00e9chauffer doucement et surtout ne pas brusquer A. qui n&rsquo;\u00e9tait plus tr\u00e8s s\u00fbre de venir la veille. L&rsquo;arriv\u00e9e sur l&rsquo;ar\u00eate \u00e9tait quelque peu scabreuse \u00e0 cause du chemin des personnes qui partaient dans tous les sens et une petite glissade sur la partie raide que personne n&rsquo;a voulu suivre, justement c&rsquo;est le chemin que j&rsquo;ai pr\u00e9f\u00e9r\u00e9 et me faire de belles marches : un 50\u00b0 maxi sur une dizaine de m\u00e8tres, ce qui nous a permis de ne pas perdre du temps derri\u00e8re les autres cord\u00e9es et entamer l&rsquo;ar\u00eate sans attendre. De ttes mani\u00e8res , le but \u00e9tait de ne pas perdre du temps , mais en aucun cas faire la course ( 2 choses diff\u00e9rentes ! ). L&rsquo;\u00e9volution sur l&rsquo;ar\u00eate s&rsquo;est faite \u00e0 un rythme tranquille et rester au niveau de la participante la moins exp\u00e9riment\u00e9e, quelques passages a\u00e9riens pour augmenter les battemens du coeur :).<\/p>\n<p>L&rsquo;arriv\u00e9e sur la partie enneig\u00e9e \u00e9tait assez tard dans la matin\u00e9e : au lieu de 5h pour l&rsquo;arriv\u00e9e au d\u00f4me nous avons mis quasi 6h et pas de chance : le brouillard \u00e9tait sur le D\u00f4me , m\u00eame si nous avions eu un petite \u00e9claircie pour faire rapidement une photo :). Ensuite : la loooooooooongue descente sur le glacier qui a mis \u00e0 rude \u00e9preuve les genoux d&rsquo;A. mais qui a \u00e9t\u00e9 tr\u00e8s courageuse malgr\u00e9 la fatigue !<\/p>\n<p>L&rsquo;arriv\u00e9e \u00e0 la moraine f\u00fbt un plaisir &#8230; enlever ces fringues et se mettre en short tee shirt ! ENFINNNNN :), le chemin de la descente n&rsquo;a pas \u00e9t\u00e9 le m\u00eame qu&rsquo;\u00e0 la mont\u00e9e &#8230; le trajet total a \u00e9t\u00e9 une belle boucle de 1800 m\u00e8tres de D+ environ avec une quinzaine de kilom\u00e8tres au total. Nous avons r\u00e9ussi \u00e0 avoir le mini bus de 14h30 quelques instants avant son d\u00e9part de la redescente. Ouf !! \u00e7a m&rsquo;a lib\u00e9r\u00e9 pour la suite de la journ\u00e9e !!! Au final : un tr\u00e8s beau week end &#8230; ds bonnes rigolades, une bonne fatigue &#8230; et surtout une ambiance sympa et des projets futurs tr\u00e8s constructifs. Parti pour des nouvelles aventures !<\/p>\n<p>[box type=\u00a0\u00bbinfo\u00a0\u00bb] Et voici la gallerie de photos : <a href=\"http:\/\/www.lookit.org\/gallerie3\/index.php\/Dome_Glaciers_072016\" target=\"_blank\">ICI<\/a> [\/box]<\/p>\n","protected":false},"excerpt":{"rendered":"<p>Un bien joli week-end auquel je ne m&rsquo;attendais pas vraiment.\u00a0 Ma nouvelle vie me laissant du temps , je profite donc de ces moments pour me remettre \u00e0 ce que j&rsquo;aime : vadrouiller \u00e0 la montagne et partager ces moments. Quelle chance ce week end d&rsquo;avoir partag\u00e9 cela avec 5 nanas toutes aussi motiv\u00e9es les [&hellip;]<\/p>\n","protected":false},"author":1,"featured_media":0,"comment_status":"open","ping_status":"open","sticky":false,"template":"","format":"standard","meta":{"jetpack_post_was_ever_published":false,"_jetpack_newsletter_access":"","_jetpack_dont_email_post_to_subs":false,"_jetpack_newsletter_tier_id":0,"_jetpack_memberships_contains_paywalled_content":false,"_jetpack_memberships_contains_paid_content":false,"footnotes":"","jetpack_publicize_message":"","jetpack_publicize_feature_enabled":true,"jetpack_social_post_already_shared":true,"jetpack_social_options":{"image_generator_settings":{"template":"highway","default_image_id":0,"font":"","enabled":false},"version":2}},"categories":[9],"tags":[],"class_list":["post-2909","post","type-post","status-publish","format-standard","hentry","category-sport"],"jetpack_publicize_connections":[],"jetpack_featured_media_url":"","jetpack_shortlink":"https:\/\/wp.me\/pWrTo-KV","jetpack_sharing_enabled":true,"jetpack_likes_enabled":true,"_links":{"self":[{"href":"http:\/\/www.lookit.org\/blog\/index.php?rest_route=\/wp\/v2\/posts\/2909","targetHints":{"allow":["GET"]}}],"collection":[{"href":"http:\/\/www.lookit.org\/blog\/index.php?rest_route=\/wp\/v2\/posts"}],"about":[{"href":"http:\/\/www.lookit.org\/blog\/index.php?rest_route=\/wp\/v2\/types\/post"}],"author":[{"embeddable":true,"href":"http:\/\/www.lookit.org\/blog\/index.php?rest_route=\/wp\/v2\/users\/1"}],"replies":[{"embeddable":true,"href":"http:\/\/www.lookit.org\/blog\/index.php?rest_route=%2Fwp%2Fv2%2Fcomments&post=2909"}],"version-history":[{"count":3,"href":"http:\/\/www.lookit.org\/blog\/index.php?rest_route=\/wp\/v2\/posts\/2909\/revisions"}],"predecessor-version":[{"id":2914,"href":"http:\/\/www.lookit.org\/blog\/index.php?rest_route=\/wp\/v2\/posts\/2909\/revisions\/2914"}],"wp:attachment":[{"href":"http:\/\/www.lookit.org\/blog\/index.php?rest_route=%2Fwp%2Fv2%2Fmedia&parent=2909"}],"wp:term":[{"taxonomy":"category","embeddable":true,"href":"http:\/\/www.lookit.org\/blog\/index.php?rest_route=%2Fwp%2Fv2%2Fcategories&post=2909"},{"taxonomy":"post_tag","embeddable":true,"href":"http:\/\/www.lookit.org\/blog\/index.php?rest_route=%2Fwp%2Fv2%2Ftags&post=2909"}],"curies":[{"name":"wp","href":"https:\/\/api.w.org\/{rel}","templated":true}]}}