{"id":2918,"date":"2016-07-21T11:49:46","date_gmt":"2016-07-21T09:49:46","guid":{"rendered":"http:\/\/www.lookit.org\/blog\/?p=2918"},"modified":"2016-07-21T11:49:46","modified_gmt":"2016-07-21T09:49:46","slug":"nuitee-en-tete-avec-esteban-pres-dubine-072016","status":"publish","type":"post","link":"http:\/\/www.lookit.org\/blog\/?p=2918","title":{"rendered":"Nuit\u00e9e en tete avec Esteban pr\u00e8s d&rsquo;Ubine &#8211; 072016"},"content":{"rendered":"<figure id=\"attachment_2919\" aria-describedby=\"caption-attachment-2919\" style=\"width: 150px\" class=\"wp-caption alignleft\"><a href=\"http:\/\/www.lookit.org\/blog\/wp-content\/uploads\/2016\/07\/IMG_6128_resize_resize.jpg\"><img loading=\"lazy\" decoding=\"async\" data-attachment-id=\"2919\" data-permalink=\"http:\/\/www.lookit.org\/blog\/?attachment_id=2919\" data-orig-file=\"http:\/\/www.lookit.org\/blog\/wp-content\/uploads\/2016\/07\/IMG_6128_resize_resize.jpg\" data-orig-size=\"150,200\" data-comments-opened=\"1\" data-image-meta=\"{&quot;aperture&quot;:&quot;2.2&quot;,&quot;credit&quot;:&quot;&quot;,&quot;camera&quot;:&quot;iPhone 6 Plus&quot;,&quot;caption&quot;:&quot;&quot;,&quot;created_timestamp&quot;:&quot;1469075253&quot;,&quot;copyright&quot;:&quot;&quot;,&quot;focal_length&quot;:&quot;4.15&quot;,&quot;iso&quot;:&quot;32&quot;,&quot;shutter_speed&quot;:&quot;0.0069444444444444&quot;,&quot;title&quot;:&quot;&quot;,&quot;orientation&quot;:&quot;1&quot;}\" data-image-title=\"Nuit\u00e9e en tete \u00e0 Ubine\" data-image-description=\"&lt;p&gt;Nuit\u00e9e en tete \u00e0 Ubine&lt;\/p&gt;\n\" data-image-caption=\"&lt;p&gt;Nuit\u00e9e en tete \u00e0 Ubine&lt;\/p&gt;\n\" data-large-file=\"http:\/\/www.lookit.org\/blog\/wp-content\/uploads\/2016\/07\/IMG_6128_resize_resize.jpg\" class=\"size-full wp-image-2919\" src=\"http:\/\/www.lookit.org\/blog\/wp-content\/uploads\/2016\/07\/IMG_6128_resize_resize.jpg\" alt=\"Nuit\u00e9e en tete \u00e0 Ubine\" width=\"150\" height=\"200\" \/><\/a><figcaption id=\"caption-attachment-2919\" class=\"wp-caption-text\">Nuit\u00e9e en tete \u00e0 Ubine<\/figcaption><\/figure>\n<p>Apr\u00e8s une journ\u00e9e \u00e0 36\u00b0 degr\u00e9s, une semaine et demie avec Esteban, je voulais encore passer un dernier moment sympa avec lui au frais. C&rsquo;est alors sans perdre de temps que j&rsquo;ai rempli le coffre de la voiture sans trop r\u00e9fl\u00e9chir \u00e0 part la base du camping et iophilis\u00e9 &#8230; comme d&rsquo;hab.<\/p>\n<p>Direction les Chalets de Bise &#8230;&#8230;. mais trop de moustiques, dommage l&rsquo;endroit \u00e9tait extra et personne !!!! C&rsquo;est en ouvrant les portes de la voiture que j&rsquo;ai compris pourquoi !!! Demi tour donc pour s&rsquo;arr\u00eater de temps en temps et estimer l&#8217;emplacement.<\/p>\n<p>Tout \u00e7a pour finir \u00e0 Ubine avec Coco la gardienne , une belle retrouvaille apr\u00e8s quelques ann\u00e9es et nous a acceuillis comme 2 princes ! Un gros bisou \u00e0 elle !!!! Une longue veill\u00e9e, quelques photos &#8230;. et surtout une belle nuit\u00e9e : de la flotte qui m&rsquo;a r\u00e9veill\u00e9 mais pas Esteban, les cloches des vaches jusqu&rsquo;\u00e0 minuit qui m&rsquo;ont emp\u00e9ch\u00e9 de dormir mais pas Esteban, le vent qui faisait frotter les 2 \u00e9paisseurs de la tente et qui ne m&rsquo;a pas permis de m&rsquo;endormir facilement\u00a0 sauf Esteban &#8230;.<\/p>\n<p>En r\u00e9sum\u00e9 : lui a pass\u00e9 une superbe nuit\u00e9e et en \u00e9tait tr\u00e8s content ( la v\u00e9rit\u00e9 sort de sa bouche hein ! ) &#8230; Il avait demand\u00e9 \u00e0 aller au dodo de lui m\u00eame le soir lorsqu&rsquo;on \u00e9tait sur la table ext\u00e9rieure avec les bougies \u00e0 discuter montagne avec un couple de belges montagnards et Coco. Encore un moment appr\u00e9ciable , naturel et vrai &#8230;. \u00e0 l&rsquo;encontre des cyber-relations. \u00ab\u00a0Vivre dans le vrai\u00a0\u00bb comme dit Fr\u00e9d la Courageuse !<\/p>\n<p>Le r\u00e9veil au matin f\u00fbt rapide aussi &#8230; \u00e0 7h ! Il n&rsquo;a pas voulu de mon muesli iophilis\u00e9 !!!! Du coup on s&rsquo;est rabattu sur 3 Pompotes \ud83d\ude42 &#8230; Une belle nuit et retour \u00e0 la vraie vie \ud83d\ude41<\/p>\n<p>&nbsp;<\/p>\n<p>[box type=\u00a0\u00bbinfo\u00a0\u00bb] Et voici les photos <a href=\"http:\/\/www.lookit.org\/gallerie3\/index.php\/Esteban\/Nuitee_Tente_Ubine_072016\" target=\"_blank\">ICI<\/a> \u00e0 regarder &#8230;.[\/box]<\/p>\n<p>&nbsp;<\/p>\n","protected":false},"excerpt":{"rendered":"<p>Apr\u00e8s une journ\u00e9e \u00e0 36\u00b0 degr\u00e9s, une semaine et demie avec Esteban, je voulais encore passer un dernier moment sympa avec lui au frais. C&rsquo;est alors sans perdre de temps que j&rsquo;ai rempli le coffre de la voiture sans trop r\u00e9fl\u00e9chir \u00e0 part la base du camping et iophilis\u00e9 &#8230; comme d&rsquo;hab. Direction les Chalets [&hellip;]<\/p>\n","protected":false},"author":1,"featured_media":0,"comment_status":"open","ping_status":"open","sticky":false,"template":"","format":"standard","meta":{"jetpack_post_was_ever_published":false,"_jetpack_newsletter_access":"","_jetpack_dont_email_post_to_subs":false,"_jetpack_newsletter_tier_id":0,"_jetpack_memberships_contains_paywalled_content":false,"_jetpack_memberships_contains_paid_content":false,"footnotes":"","jetpack_publicize_message":"","jetpack_publicize_feature_enabled":true,"jetpack_social_post_already_shared":true,"jetpack_social_options":{"image_generator_settings":{"template":"highway","default_image_id":0,"font":"","enabled":false},"version":2}},"categories":[3],"tags":[],"class_list":["post-2918","post","type-post","status-publish","format-standard","hentry","category-sorties"],"jetpack_publicize_connections":[],"jetpack_featured_media_url":"","jetpack_shortlink":"https:\/\/wp.me\/pWrTo-L4","jetpack_sharing_enabled":true,"jetpack_likes_enabled":true,"_links":{"self":[{"href":"http:\/\/www.lookit.org\/blog\/index.php?rest_route=\/wp\/v2\/posts\/2918","targetHints":{"allow":["GET"]}}],"collection":[{"href":"http:\/\/www.lookit.org\/blog\/index.php?rest_route=\/wp\/v2\/posts"}],"about":[{"href":"http:\/\/www.lookit.org\/blog\/index.php?rest_route=\/wp\/v2\/types\/post"}],"author":[{"embeddable":true,"href":"http:\/\/www.lookit.org\/blog\/index.php?rest_route=\/wp\/v2\/users\/1"}],"replies":[{"embeddable":true,"href":"http:\/\/www.lookit.org\/blog\/index.php?rest_route=%2Fwp%2Fv2%2Fcomments&post=2918"}],"version-history":[{"count":1,"href":"http:\/\/www.lookit.org\/blog\/index.php?rest_route=\/wp\/v2\/posts\/2918\/revisions"}],"predecessor-version":[{"id":2920,"href":"http:\/\/www.lookit.org\/blog\/index.php?rest_route=\/wp\/v2\/posts\/2918\/revisions\/2920"}],"wp:attachment":[{"href":"http:\/\/www.lookit.org\/blog\/index.php?rest_route=%2Fwp%2Fv2%2Fmedia&parent=2918"}],"wp:term":[{"taxonomy":"category","embeddable":true,"href":"http:\/\/www.lookit.org\/blog\/index.php?rest_route=%2Fwp%2Fv2%2Fcategories&post=2918"},{"taxonomy":"post_tag","embeddable":true,"href":"http:\/\/www.lookit.org\/blog\/index.php?rest_route=%2Fwp%2Fv2%2Ftags&post=2918"}],"curies":[{"name":"wp","href":"https:\/\/api.w.org\/{rel}","templated":true}]}}