{"id":2921,"date":"2016-07-24T22:59:25","date_gmt":"2016-07-24T20:59:25","guid":{"rendered":"http:\/\/www.lookit.org\/blog\/?p=2921"},"modified":"2016-07-24T22:59:25","modified_gmt":"2016-07-24T20:59:25","slug":"sommets-et-tour-des-cornettes-de-bise-et-dent-du-velan-072016","status":"publish","type":"post","link":"http:\/\/www.lookit.org\/blog\/?p=2921","title":{"rendered":"Sommets et tour des Cornettes de Bise et Dent du V\u00e9lan &#8211; 072016"},"content":{"rendered":"<figure id=\"attachment_2922\" aria-describedby=\"caption-attachment-2922\" style=\"width: 267px\" class=\"wp-caption alignleft\"><a href=\"http:\/\/www.lookit.org\/blog\/wp-content\/uploads\/2016\/07\/IMG_2922_resize_resize.jpg\"><img loading=\"lazy\" decoding=\"async\" data-attachment-id=\"2922\" data-permalink=\"http:\/\/www.lookit.org\/blog\/?attachment_id=2922\" data-orig-file=\"http:\/\/www.lookit.org\/blog\/wp-content\/uploads\/2016\/07\/IMG_2922_resize_resize.jpg\" data-orig-size=\"267,200\" data-comments-opened=\"1\" data-image-meta=\"{&quot;aperture&quot;:&quot;2.4&quot;,&quot;credit&quot;:&quot;&quot;,&quot;camera&quot;:&quot;iPhone 5c&quot;,&quot;caption&quot;:&quot;&quot;,&quot;created_timestamp&quot;:&quot;1469352617&quot;,&quot;copyright&quot;:&quot;&quot;,&quot;focal_length&quot;:&quot;4.12&quot;,&quot;iso&quot;:&quot;50&quot;,&quot;shutter_speed&quot;:&quot;0.00025799793601651&quot;,&quot;title&quot;:&quot;&quot;,&quot;orientation&quot;:&quot;1&quot;}\" data-image-title=\"Cornettes de Bise\" data-image-description=\"&lt;p&gt;Cornettes de Bise&lt;\/p&gt;\n\" data-image-caption=\"&lt;p&gt;Cornettes de Bise&lt;\/p&gt;\n\" data-large-file=\"http:\/\/www.lookit.org\/blog\/wp-content\/uploads\/2016\/07\/IMG_2922_resize_resize.jpg\" class=\"size-full wp-image-2922\" src=\"http:\/\/www.lookit.org\/blog\/wp-content\/uploads\/2016\/07\/IMG_2922_resize_resize.jpg\" alt=\"Cornettes de Bise\" width=\"267\" height=\"200\" \/><\/a><figcaption id=\"caption-attachment-2922\" class=\"wp-caption-text\">Cornettes de Bise<\/figcaption><\/figure>\n<p>Une m\u00e9t\u00e9o assez inattendue nous a fait une belle surprise ce jour &#8230;\u00a0 Personne ne savait vraiment que faire ce week end : les week-ends alpis se sont annul\u00e9s les uns apr\u00e8s les autres, les questions se posent partout mais hier soir, on s&rsquo;est dit que malgr\u00e9 l&rsquo;annulation de la belle course de JF, nous ne pouvions rester sans rien faire mais sans aller trop loin non plus. Il fallait rester chez nous, dans notre Chablais \ud83d\ude42<\/p>\n<p>L&rsquo;id\u00e9e de faire le tour des Cornettes \u00e9tait finalement la bonne &#8230; malgr\u00e9 le terrain gras et l&rsquo;ombre dans le couloir du Saix Rouquain. En sortant de ce dernier : c&rsquo;est le soleil qui nous fait un bel acceuil ainsi qu&rsquo;un mini arc en ciel ( ou halo non mais alo quoi !) pris en photo.<\/p>\n<p>C&rsquo;est par la grande combe du Col de Chaudin que nous sommes descendus pour arriver doucement vers la Dent du V\u00e9lan que je n&rsquo;ai pu m&#8217;empecher d&rsquo;aller titiller sur son sommet ( 3b max ) m\u00eame si le brouillard \u00e9tait pr\u00e9sent. Dent du V\u00e9lan o\u00f9 nous sommes tomb\u00e9s sur un troupeau ( ENOOORME troupeau ) de bouquetins bien paisibles qui faisaient les stars \ud83d\ude42 et se laissaient prendre en photos.<\/p>\n<p>Quelques petites courses fromag\u00e8res m&rsquo;ont permis de me faire une bonne soupe en rentrant ( oui m\u00eame en \u00e9t\u00e9 , c&rsquo;est comme la fondue : pas de saison pour \u00e7a !!! ) m\u00eame si les 13 kms et 1130m de D+ ne nous ont pas si cass\u00e9 que \u00e7a !<\/p>\n<p>La petite sortie improvis\u00e9e du Caf\u00a0 Douvaine \u00e9tait tr\u00e8s sympa \ud83d\ude42 , on attend la suite avec impatience.<\/p>\n<p>&nbsp;<\/p>\n<p>[box type=\u00a0\u00bbinfo\u00a0\u00bb] Cliquez <a href=\"http:\/\/www.lookit.org\/gallerie3\/index.php\/Cornettes_Bise_Dent_Velan_072016\" target=\"_blank\">ICI<\/a> pour visionner les photos de la sortie.[\/box]<\/p>\n","protected":false},"excerpt":{"rendered":"<p>Une m\u00e9t\u00e9o assez inattendue nous a fait une belle surprise ce jour &#8230;\u00a0 Personne ne savait vraiment que faire ce week end : les week-ends alpis se sont annul\u00e9s les uns apr\u00e8s les autres, les questions se posent partout mais hier soir, on s&rsquo;est dit que malgr\u00e9 l&rsquo;annulation de la belle course de JF, nous [&hellip;]<\/p>\n","protected":false},"author":1,"featured_media":0,"comment_status":"open","ping_status":"open","sticky":false,"template":"","format":"standard","meta":{"jetpack_post_was_ever_published":false,"_jetpack_newsletter_access":"","_jetpack_dont_email_post_to_subs":false,"_jetpack_newsletter_tier_id":0,"_jetpack_memberships_contains_paywalled_content":false,"_jetpack_memberships_contains_paid_content":false,"footnotes":"","jetpack_publicize_message":"","jetpack_publicize_feature_enabled":true,"jetpack_social_post_already_shared":true,"jetpack_social_options":{"image_generator_settings":{"template":"highway","default_image_id":0,"font":"","enabled":false},"version":2}},"categories":[3],"tags":[],"class_list":["post-2921","post","type-post","status-publish","format-standard","hentry","category-sorties"],"jetpack_publicize_connections":[],"jetpack_featured_media_url":"","jetpack_shortlink":"https:\/\/wp.me\/pWrTo-L7","jetpack_sharing_enabled":true,"jetpack_likes_enabled":true,"_links":{"self":[{"href":"http:\/\/www.lookit.org\/blog\/index.php?rest_route=\/wp\/v2\/posts\/2921","targetHints":{"allow":["GET"]}}],"collection":[{"href":"http:\/\/www.lookit.org\/blog\/index.php?rest_route=\/wp\/v2\/posts"}],"about":[{"href":"http:\/\/www.lookit.org\/blog\/index.php?rest_route=\/wp\/v2\/types\/post"}],"author":[{"embeddable":true,"href":"http:\/\/www.lookit.org\/blog\/index.php?rest_route=\/wp\/v2\/users\/1"}],"replies":[{"embeddable":true,"href":"http:\/\/www.lookit.org\/blog\/index.php?rest_route=%2Fwp%2Fv2%2Fcomments&post=2921"}],"version-history":[{"count":1,"href":"http:\/\/www.lookit.org\/blog\/index.php?rest_route=\/wp\/v2\/posts\/2921\/revisions"}],"predecessor-version":[{"id":2923,"href":"http:\/\/www.lookit.org\/blog\/index.php?rest_route=\/wp\/v2\/posts\/2921\/revisions\/2923"}],"wp:attachment":[{"href":"http:\/\/www.lookit.org\/blog\/index.php?rest_route=%2Fwp%2Fv2%2Fmedia&parent=2921"}],"wp:term":[{"taxonomy":"category","embeddable":true,"href":"http:\/\/www.lookit.org\/blog\/index.php?rest_route=%2Fwp%2Fv2%2Fcategories&post=2921"},{"taxonomy":"post_tag","embeddable":true,"href":"http:\/\/www.lookit.org\/blog\/index.php?rest_route=%2Fwp%2Fv2%2Ftags&post=2921"}],"curies":[{"name":"wp","href":"https:\/\/api.w.org\/{rel}","templated":true}]}}