{"id":2925,"date":"2016-07-31T21:38:33","date_gmt":"2016-07-31T19:38:33","guid":{"rendered":"http:\/\/www.lookit.org\/blog\/?p=2925"},"modified":"2016-07-31T21:41:36","modified_gmt":"2016-07-31T19:41:36","slug":"sortie-mini-caf-de-douvaine-bords-de-dranse-072016","status":"publish","type":"post","link":"http:\/\/www.lookit.org\/blog\/?p=2925","title":{"rendered":"Sortie Mini-Caf de Douvaine &#8211; Bords de Dranse &#8211; 072016"},"content":{"rendered":"<figure id=\"attachment_2926\" aria-describedby=\"caption-attachment-2926\" style=\"width: 150px\" class=\"wp-caption alignleft\"><a href=\"http:\/\/www.lookit.org\/blog\/wp-content\/uploads\/2016\/07\/DSC00179_resize_resize.jpg\"><img loading=\"lazy\" decoding=\"async\" data-attachment-id=\"2926\" data-permalink=\"http:\/\/www.lookit.org\/blog\/?attachment_id=2926\" data-orig-file=\"http:\/\/www.lookit.org\/blog\/wp-content\/uploads\/2016\/07\/DSC00179_resize_resize.jpg\" data-orig-size=\"150,200\" data-comments-opened=\"1\" data-image-meta=\"{&quot;aperture&quot;:&quot;4.5&quot;,&quot;credit&quot;:&quot;&quot;,&quot;camera&quot;:&quot;DSC-HX90V&quot;,&quot;caption&quot;:&quot;&quot;,&quot;created_timestamp&quot;:&quot;1469865067&quot;,&quot;copyright&quot;:&quot;&quot;,&quot;focal_length&quot;:&quot;11.66&quot;,&quot;iso&quot;:&quot;80&quot;,&quot;shutter_speed&quot;:&quot;0.00625&quot;,&quot;title&quot;:&quot;&quot;,&quot;orientation&quot;:&quot;1&quot;}\" data-image-title=\"Bords de Dranse\" data-image-description=\"&lt;p&gt;Bords de Dranse&lt;\/p&gt;\n\" data-image-caption=\"&lt;p&gt;Bords de Dranse&lt;\/p&gt;\n\" data-large-file=\"http:\/\/www.lookit.org\/blog\/wp-content\/uploads\/2016\/07\/DSC00179_resize_resize.jpg\" class=\"size-full wp-image-2926\" src=\"http:\/\/www.lookit.org\/blog\/wp-content\/uploads\/2016\/07\/DSC00179_resize_resize.jpg\" alt=\"Bords de Dranse\" width=\"150\" height=\"200\" \/><\/a><figcaption id=\"caption-attachment-2926\" class=\"wp-caption-text\">Bords de Dranse<\/figcaption><\/figure>\n<p>Parce qu&rsquo;au Club Alpin, il n&rsquo;y a pas que des adultes, mais aussi des enfants \ud83d\ude42 qui aiment AUSSI le milieu alpin. Premi\u00e8re sortie de la nouvelle section au Club Alpin de Douvaine ( non loin de Thonon ) fraichement ouverte d\u00e9but juillet : j&rsquo;ai propos\u00e9 une belle petite ballade sans difficult\u00e9s sur les bords de la Dranse d&rsquo;Abondance. Tel un parcours de sant\u00e9 : une marche de 15 kms ce samedi toujours avec la charette pour pallier aux petites jambes de nos bambins.<\/p>\n<p>Ballade qui a permis aux adultes de d\u00e9couvrir les alentours et aux enfants de gambader tranquillement et m\u00eame profiter de quelques instants \u00e0 la pause de l&rsquo;eau fra\u00eeche de la Dranse.<\/p>\n<p>Le retour s&rsquo;est fait avec quelques gouttes tout de m\u00eame. La m\u00e9t\u00e9o ne nous avait pourtant pas pr\u00e9par\u00e9 cela , mais la glace a \u00e9t\u00e9 bonne m\u00eame si les nuages \u00e9taient l\u00e0.<\/p>\n<p>Esteban bien dans ses nouvelles chaussures de montagne , tout fier d&rsquo;ailleurs !!!! Il a une sacr\u00e9e patate : nous avons encha\u00een\u00e9 avec le spectacle au chateau des Allinges \u00ab\u00a0l&rsquo;Auberge de Marguetite\u00a0\u00bb avec un bon diot et des patates avant d&rsquo;aller faire un bon gros dodo &#8230;. tard.<\/p>\n<p>Ce dimanche matin : j&rsquo;aurais bien voulu dormir un peu &#8230;. mais pas lui &#8230;. nan lui \u00e9tait pr\u00eat pour aller \u00e0 la piscine o\u00f9 il s&rsquo;est d\u00e9foul\u00e9 encore &#8230;. et encore &#8230;. et encore. Et moi j&rsquo;\u00e9tais de plus en plus en plus en plus &#8230;.. en plus &#8230;. fatigu\u00e9 ! :), Il a quand m\u00eame compris que dans le long toboggan : il ne faut pas se retourner pour essayer de regarder derri\u00e8re o\u00f9 \u00e9tait papa , au risque de se faire \u00e9jecter et taper le nez sur le cot\u00e9 !!!! Quel bordel \u00e0 la piscine quand un enfant saigne du nez : \u00e7a fait peur \u00e0 tout le monde !!!<\/p>\n<p>Une fois l&rsquo;\u00e9pisode du saignement : c&rsquo;\u00e9tait reparti dans le toboggan : quand c&rsquo;est vert : il saute \u00e0 fond &#8230;. c&rsquo;est moi qui doit me lancer derri\u00e8re pour le pas le laisser filer. Et bien s\u00fbr que j&rsquo;ai d\u00e9j\u00e0 essay\u00e9 de lui expliquer qu&rsquo;il ne peut pas y aller seul !!!! Bordel il est t\u00eatu !!! De qui il tient \u00e7a !!! No s\u00e9 !!!!<\/p>\n<p>&nbsp;<\/p>\n<p>[box type=\u00a0\u00bbinfo\u00a0\u00bb] Vous trouverez <a href=\"http:\/\/www.lookit.org\/gallerie3\/index.php\/Esteban\/Minicaf_Douvaine_Bords_Dranse_30072016\" target=\"_blank\">ICI<\/a> les photos de la sortie du Mini Caf de Douvaine et le <a href=\"https:\/\/connect.garmin.com\/modern\/activity\/1280114647#.V5zK4ZQyIl8.email\" target=\"_blank\">trac\u00e9 GPS ICI<\/a> [\/box]<\/p>\n<p>&nbsp;<\/p>\n","protected":false},"excerpt":{"rendered":"<p>Parce qu&rsquo;au Club Alpin, il n&rsquo;y a pas que des adultes, mais aussi des enfants \ud83d\ude42 qui aiment AUSSI le milieu alpin. Premi\u00e8re sortie de la nouvelle section au Club Alpin de Douvaine ( non loin de Thonon ) fraichement ouverte d\u00e9but juillet : j&rsquo;ai propos\u00e9 une belle petite ballade sans difficult\u00e9s sur les bords [&hellip;]<\/p>\n","protected":false},"author":1,"featured_media":0,"comment_status":"open","ping_status":"open","sticky":false,"template":"","format":"standard","meta":{"jetpack_post_was_ever_published":false,"_jetpack_newsletter_access":"","_jetpack_dont_email_post_to_subs":false,"_jetpack_newsletter_tier_id":0,"_jetpack_memberships_contains_paywalled_content":false,"_jetpack_memberships_contains_paid_content":false,"footnotes":"","jetpack_publicize_message":"","jetpack_publicize_feature_enabled":true,"jetpack_social_post_already_shared":true,"jetpack_social_options":{"image_generator_settings":{"template":"highway","default_image_id":0,"font":"","enabled":false},"version":2}},"categories":[3],"tags":[],"class_list":["post-2925","post","type-post","status-publish","format-standard","hentry","category-sorties"],"jetpack_publicize_connections":[],"jetpack_featured_media_url":"","jetpack_shortlink":"https:\/\/wp.me\/pWrTo-Lb","jetpack_sharing_enabled":true,"jetpack_likes_enabled":true,"_links":{"self":[{"href":"http:\/\/www.lookit.org\/blog\/index.php?rest_route=\/wp\/v2\/posts\/2925","targetHints":{"allow":["GET"]}}],"collection":[{"href":"http:\/\/www.lookit.org\/blog\/index.php?rest_route=\/wp\/v2\/posts"}],"about":[{"href":"http:\/\/www.lookit.org\/blog\/index.php?rest_route=\/wp\/v2\/types\/post"}],"author":[{"embeddable":true,"href":"http:\/\/www.lookit.org\/blog\/index.php?rest_route=\/wp\/v2\/users\/1"}],"replies":[{"embeddable":true,"href":"http:\/\/www.lookit.org\/blog\/index.php?rest_route=%2Fwp%2Fv2%2Fcomments&post=2925"}],"version-history":[{"count":2,"href":"http:\/\/www.lookit.org\/blog\/index.php?rest_route=\/wp\/v2\/posts\/2925\/revisions"}],"predecessor-version":[{"id":2928,"href":"http:\/\/www.lookit.org\/blog\/index.php?rest_route=\/wp\/v2\/posts\/2925\/revisions\/2928"}],"wp:attachment":[{"href":"http:\/\/www.lookit.org\/blog\/index.php?rest_route=%2Fwp%2Fv2%2Fmedia&parent=2925"}],"wp:term":[{"taxonomy":"category","embeddable":true,"href":"http:\/\/www.lookit.org\/blog\/index.php?rest_route=%2Fwp%2Fv2%2Fcategories&post=2925"},{"taxonomy":"post_tag","embeddable":true,"href":"http:\/\/www.lookit.org\/blog\/index.php?rest_route=%2Fwp%2Fv2%2Ftags&post=2925"}],"curies":[{"name":"wp","href":"https:\/\/api.w.org\/{rel}","templated":true}]}}