{"id":2931,"date":"2016-08-21T08:27:25","date_gmt":"2016-08-21T06:27:25","guid":{"rendered":"http:\/\/www.lookit.org\/blog\/?p=2931"},"modified":"2016-08-21T08:27:25","modified_gmt":"2016-08-21T06:27:25","slug":"shooting-photo-sarah-et-stephanie-082016","status":"publish","type":"post","link":"http:\/\/www.lookit.org\/blog\/?p=2931","title":{"rendered":"Shooting photo &#8211; Sarah et St\u00e9phanie &#8211; 082016"},"content":{"rendered":"<figure id=\"attachment_2932\" aria-describedby=\"caption-attachment-2932\" style=\"width: 299px\" class=\"wp-caption alignleft\"><a href=\"http:\/\/www.lookit.org\/blog\/wp-content\/uploads\/2016\/08\/article.jpg\"><img loading=\"lazy\" decoding=\"async\" data-attachment-id=\"2932\" data-permalink=\"http:\/\/www.lookit.org\/blog\/?attachment_id=2932\" data-orig-file=\"http:\/\/www.lookit.org\/blog\/wp-content\/uploads\/2016\/08\/article.jpg\" data-orig-size=\"299,200\" data-comments-opened=\"1\" data-image-meta=\"{&quot;aperture&quot;:&quot;1.8&quot;,&quot;credit&quot;:&quot;&quot;,&quot;camera&quot;:&quot;ILCE-7S&quot;,&quot;caption&quot;:&quot;&quot;,&quot;created_timestamp&quot;:&quot;1470568619&quot;,&quot;copyright&quot;:&quot;&quot;,&quot;focal_length&quot;:&quot;50&quot;,&quot;iso&quot;:&quot;100&quot;,&quot;shutter_speed&quot;:&quot;0.00125&quot;,&quot;title&quot;:&quot;&quot;,&quot;orientation&quot;:&quot;1&quot;}\" data-image-title=\"Shooting 082016\" data-image-description=\"&lt;p&gt;Shooting 082016&lt;\/p&gt;\n\" data-image-caption=\"&lt;p&gt;Shooting 082016&lt;\/p&gt;\n\" data-large-file=\"http:\/\/www.lookit.org\/blog\/wp-content\/uploads\/2016\/08\/article.jpg\" class=\"size-full wp-image-2932\" src=\"http:\/\/www.lookit.org\/blog\/wp-content\/uploads\/2016\/08\/article.jpg\" alt=\"Shooting 082016\" width=\"299\" height=\"200\" srcset=\"http:\/\/www.lookit.org\/blog\/wp-content\/uploads\/2016\/08\/article.jpg 299w, http:\/\/www.lookit.org\/blog\/wp-content\/uploads\/2016\/08\/article-140x94.jpg 140w\" sizes=\"auto, (max-width: 299px) 100vw, 299px\" \/><\/a><figcaption id=\"caption-attachment-2932\" class=\"wp-caption-text\">Shooting 082016<\/figcaption><\/figure>\n<p>Et bien apr\u00e8s quasi 10 ans sans faire de photos de portraits et une ( trop ? ) longue p\u00e9riode sans libert\u00e9s &#8230;\u00a0 Je peux ENFIN laisser mon imagination et ma sensibilit\u00e9, mises \u00e0 \u00e0 rude \u00e9preuve ces derni\u00e8res ann\u00e9es, op\u00e9rer comme elles le sentent !!! Une journ\u00e9e photo au bord du lac L\u00e9man organis\u00e9e par un ami, une quizaine de personnes : 2\/3 photographes d\u00e9butants et plus agu\u00e9ris et 1\/3 de mod\u00e8les.<\/p>\n<p>Pour \u00eatre franc, je ne m&rsquo;attendais pas \u00e0 me sentir bien comme \u00e7a &#8230; mais je voulais plut\u00f4t partager une journ\u00e9e en mode d\u00e9tente , discussions &#8230; puis au final , je me suis laiss\u00e9 prendre au jeu des photos &#8230; et tester le Sony avec le 50mm 1\/8 Canon en mode MF toute la journ\u00e9e ( au final : passer une journ\u00e9e compl\u00e8te avec un objectif manuel et environ 200 photos ne f\u00fbt pas si complexe que \u00e7a , je compte les loup\u00e9s de MAP sur les doigts de la main ).<\/p>\n<p>Voici donc quelques photos de Sarah et St\u00e9phanie dans un mode tr\u00e8s d\u00e9tente mais appliqu\u00e9.<\/p>\n<p>&nbsp;<\/p>\n<p>&nbsp;<\/p>\n<p>&nbsp;<\/p>\n<p>[box type=\u00a0\u00bbinfo\u00a0\u00bb] Voici les photos ( et la liste compl\u00e8te apparait en dessous de chaque photo ) de <a href=\"http:\/\/justelle.net\/index.php#\/Portraits\/13%20-%20Sarah%2008_2016\/DSC01690%20copie_resize.jpg\" target=\"_blank\">SARAH : ICI <\/a>et les photos de <a href=\"http:\/\/justelle.net\/index.php#\/Portraits\/14%20-%20Steph%20082016\/DSC01799_resize%20copie_resize.jpg\" target=\"_blank\">STEPHANIE ( \u00ab\u00a0Fanie\u00a0\u00bb comme dit Esteban ) : ICI<\/a>[\/box]<\/p>\n<p>&nbsp;<\/p>\n","protected":false},"excerpt":{"rendered":"<p>Et bien apr\u00e8s quasi 10 ans sans faire de photos de portraits et une ( trop ? ) longue p\u00e9riode sans libert\u00e9s &#8230;\u00a0 Je peux ENFIN laisser mon imagination et ma sensibilit\u00e9, mises \u00e0 \u00e0 rude \u00e9preuve ces derni\u00e8res ann\u00e9es, op\u00e9rer comme elles le sentent !!! Une journ\u00e9e photo au bord du lac L\u00e9man organis\u00e9e [&hellip;]<\/p>\n","protected":false},"author":1,"featured_media":0,"comment_status":"open","ping_status":"open","sticky":false,"template":"","format":"standard","meta":{"jetpack_post_was_ever_published":false,"_jetpack_newsletter_access":"","_jetpack_dont_email_post_to_subs":false,"_jetpack_newsletter_tier_id":0,"_jetpack_memberships_contains_paywalled_content":false,"_jetpack_memberships_contains_paid_content":false,"footnotes":"","jetpack_publicize_message":"","jetpack_publicize_feature_enabled":true,"jetpack_social_post_already_shared":true,"jetpack_social_options":{"image_generator_settings":{"template":"highway","default_image_id":0,"font":"","enabled":false},"version":2}},"categories":[6],"tags":[],"class_list":["post-2931","post","type-post","status-publish","format-standard","hentry","category-photographie"],"jetpack_publicize_connections":[],"jetpack_featured_media_url":"","jetpack_shortlink":"https:\/\/wp.me\/pWrTo-Lh","jetpack_sharing_enabled":true,"jetpack_likes_enabled":true,"_links":{"self":[{"href":"http:\/\/www.lookit.org\/blog\/index.php?rest_route=\/wp\/v2\/posts\/2931","targetHints":{"allow":["GET"]}}],"collection":[{"href":"http:\/\/www.lookit.org\/blog\/index.php?rest_route=\/wp\/v2\/posts"}],"about":[{"href":"http:\/\/www.lookit.org\/blog\/index.php?rest_route=\/wp\/v2\/types\/post"}],"author":[{"embeddable":true,"href":"http:\/\/www.lookit.org\/blog\/index.php?rest_route=\/wp\/v2\/users\/1"}],"replies":[{"embeddable":true,"href":"http:\/\/www.lookit.org\/blog\/index.php?rest_route=%2Fwp%2Fv2%2Fcomments&post=2931"}],"version-history":[{"count":2,"href":"http:\/\/www.lookit.org\/blog\/index.php?rest_route=\/wp\/v2\/posts\/2931\/revisions"}],"predecessor-version":[{"id":2934,"href":"http:\/\/www.lookit.org\/blog\/index.php?rest_route=\/wp\/v2\/posts\/2931\/revisions\/2934"}],"wp:attachment":[{"href":"http:\/\/www.lookit.org\/blog\/index.php?rest_route=%2Fwp%2Fv2%2Fmedia&parent=2931"}],"wp:term":[{"taxonomy":"category","embeddable":true,"href":"http:\/\/www.lookit.org\/blog\/index.php?rest_route=%2Fwp%2Fv2%2Fcategories&post=2931"},{"taxonomy":"post_tag","embeddable":true,"href":"http:\/\/www.lookit.org\/blog\/index.php?rest_route=%2Fwp%2Fv2%2Ftags&post=2931"}],"curies":[{"name":"wp","href":"https:\/\/api.w.org\/{rel}","templated":true}]}}