{"id":2977,"date":"2016-10-17T08:16:50","date_gmt":"2016-10-17T06:16:50","guid":{"rendered":"http:\/\/www.lookit.org\/blog\/?p=2977"},"modified":"2016-10-17T08:18:19","modified_gmt":"2016-10-17T06:18:19","slug":"mont-forchat-by-night-102016","status":"publish","type":"post","link":"http:\/\/www.lookit.org\/blog\/?p=2977","title":{"rendered":"Mont Forchat by night &#8211; 102016"},"content":{"rendered":"<figure id=\"attachment_2978\" aria-describedby=\"caption-attachment-2978\" style=\"width: 300px\" class=\"wp-caption alignleft\"><a href=\"http:\/\/www.lookit.org\/blog\/wp-content\/uploads\/2016\/10\/300_1280_DSC03709.jpg\"><img loading=\"lazy\" decoding=\"async\" data-attachment-id=\"2978\" data-permalink=\"http:\/\/www.lookit.org\/blog\/?attachment_id=2978\" data-orig-file=\"http:\/\/www.lookit.org\/blog\/wp-content\/uploads\/2016\/10\/300_1280_DSC03709.jpg\" data-orig-size=\"300,199\" data-comments-opened=\"1\" data-image-meta=\"{&quot;aperture&quot;:&quot;1.8&quot;,&quot;credit&quot;:&quot;&quot;,&quot;camera&quot;:&quot;DSC-RX100M4&quot;,&quot;caption&quot;:&quot;&quot;,&quot;created_timestamp&quot;:&quot;1476557651&quot;,&quot;copyright&quot;:&quot;&quot;,&quot;focal_length&quot;:&quot;8.8&quot;,&quot;iso&quot;:&quot;6400&quot;,&quot;shutter_speed&quot;:&quot;0.25&quot;,&quot;title&quot;:&quot;&quot;,&quot;orientation&quot;:&quot;0&quot;}\" data-image-title=\"Forchat By night\" data-image-description=\"&lt;p&gt;Forchat By night&lt;\/p&gt;\n\" data-image-caption=\"&lt;p&gt;Forchat By night&lt;\/p&gt;\n\" data-large-file=\"http:\/\/www.lookit.org\/blog\/wp-content\/uploads\/2016\/10\/300_1280_DSC03709.jpg\" class=\"size-medium wp-image-2978\" src=\"http:\/\/www.lookit.org\/blog\/wp-content\/uploads\/2016\/10\/300_1280_DSC03709-300x199.jpg\" alt=\"Forchat By night\" width=\"300\" height=\"199\" srcset=\"http:\/\/www.lookit.org\/blog\/wp-content\/uploads\/2016\/10\/300_1280_DSC03709.jpg 300w, http:\/\/www.lookit.org\/blog\/wp-content\/uploads\/2016\/10\/300_1280_DSC03709-207x136.jpg 207w, http:\/\/www.lookit.org\/blog\/wp-content\/uploads\/2016\/10\/300_1280_DSC03709-140x94.jpg 140w\" sizes=\"auto, (max-width: 300px) 100vw, 300px\" \/><\/a><figcaption id=\"caption-attachment-2978\" class=\"wp-caption-text\">Forchat By night<\/figcaption><\/figure>\n<p>On l&rsquo;attendait cette nocturne et surtout le resto \ud83d\ude42 qui allait suivre ( le resto de Tr\u00e9 le Mont ). On a quand m\u00eame fait 3 heures de ballade en partant du Col du Feu pour faire le sommet tranquillement agr\u00e9ment\u00e9es de longues et int\u00e9ressantes discussions diverses et vari\u00e9es !!!! Qu&rsquo;est ce que \u00e7a fait du bien de pouvoir discuter, partager et se retrouver apr\u00e8s tant d&rsquo;ann\u00e9es sans communication.<\/p>\n<p>L&rsquo;arriv\u00e9e au sommet s&rsquo;est faite avec le brouillard &#8230; et une d\u00e9ception &#8230;. on voulait voir les montagnes , le lac !!!!! Et le vent nous a pouss\u00e9 \u00e0 redescendre doucement &#8230;. pour nous arr\u00eater quelques minutes plus tard et se rendre compte qu&rsquo;il n&rsquo;y avait plus de brouillard du tout :), nous sommes donc remont\u00e9s tous l\u00e0 haut en vitesse et ENFIN pouvoir admirer notre r\u00e9gion avec une PLEINE LUNE tel un spot de studio qui \u00e9claire toute la r\u00e9gion.<\/p>\n<p>Un joli moment pass\u00e9 l\u00e0 bas &#8230; Je regrette n\u00e9anmoins de ne pas avoir partag\u00e9 cela aussi avec Esteban. Il aurait ador\u00e9 se ballader avec la frontale comme il a pu d\u00e9j\u00e0 le faire.<\/p>\n<p>L&rsquo;acceuil au resto f\u00fbt tout aussi chaleureux puisque nous avons pu retrouver le reste du groupe venu nous rejoindre pour le repas &#8230;. et quel repas !!!! A l&rsquo;arriv\u00e9e des plats ( fondue\/raclette ) : je me suis demand\u00e9 comment allait \u00eatre le lever le lendemain t\u00f4t pour la rando du dimanche &#8230; Nous avons fait la fermeture annuelle du resto ce week-end , il \u00e9tait complet, tout autant que notre estomac.<\/p>\n<p>Un long et bon moment pass\u00e9 avec des personnes toutes aussi investies dans le club du CAF de Douvaine que dans leurs relations amicales ou personnelles &#8230; Je me retrouve l\u00e0 dedans ! Quel bonheur ! \ud83d\ude42 Merci aux autres, et merci \u00e0 Dame Nature d&rsquo;\u00eatre le bon pr\u00e9texte \u00e0 tous ces partages &#8230;. \ud83d\ude42<\/p>\n<p>[box type=\u00a0\u00bbinfo\u00a0\u00bb] Les photos de la randonn\u00e9e nocture sont : <a href=\"http:\/\/www.lookit.org\/gallerie3\/index.php\/Pleine_lune_102016\" target=\"_blank\">ICI<\/a>[\/box]<\/p>\n","protected":false},"excerpt":{"rendered":"<p>On l&rsquo;attendait cette nocturne et surtout le resto \ud83d\ude42 qui allait suivre ( le resto de Tr\u00e9 le Mont ). On a quand m\u00eame fait 3 heures de ballade en partant du Col du Feu pour faire le sommet tranquillement agr\u00e9ment\u00e9es de longues et int\u00e9ressantes discussions diverses et vari\u00e9es !!!! Qu&rsquo;est ce que \u00e7a fait [&hellip;]<\/p>\n","protected":false},"author":1,"featured_media":0,"comment_status":"open","ping_status":"open","sticky":false,"template":"","format":"standard","meta":{"jetpack_post_was_ever_published":false,"_jetpack_newsletter_access":"","_jetpack_dont_email_post_to_subs":false,"_jetpack_newsletter_tier_id":0,"_jetpack_memberships_contains_paywalled_content":false,"_jetpack_memberships_contains_paid_content":false,"footnotes":"","jetpack_publicize_message":"","jetpack_publicize_feature_enabled":true,"jetpack_social_post_already_shared":true,"jetpack_social_options":{"image_generator_settings":{"template":"highway","default_image_id":0,"font":"","enabled":false},"version":2}},"categories":[3],"tags":[],"class_list":["post-2977","post","type-post","status-publish","format-standard","hentry","category-sorties"],"jetpack_publicize_connections":[],"jetpack_featured_media_url":"","jetpack_shortlink":"https:\/\/wp.me\/pWrTo-M1","jetpack_sharing_enabled":true,"jetpack_likes_enabled":true,"_links":{"self":[{"href":"http:\/\/www.lookit.org\/blog\/index.php?rest_route=\/wp\/v2\/posts\/2977","targetHints":{"allow":["GET"]}}],"collection":[{"href":"http:\/\/www.lookit.org\/blog\/index.php?rest_route=\/wp\/v2\/posts"}],"about":[{"href":"http:\/\/www.lookit.org\/blog\/index.php?rest_route=\/wp\/v2\/types\/post"}],"author":[{"embeddable":true,"href":"http:\/\/www.lookit.org\/blog\/index.php?rest_route=\/wp\/v2\/users\/1"}],"replies":[{"embeddable":true,"href":"http:\/\/www.lookit.org\/blog\/index.php?rest_route=%2Fwp%2Fv2%2Fcomments&post=2977"}],"version-history":[{"count":2,"href":"http:\/\/www.lookit.org\/blog\/index.php?rest_route=\/wp\/v2\/posts\/2977\/revisions"}],"predecessor-version":[{"id":2980,"href":"http:\/\/www.lookit.org\/blog\/index.php?rest_route=\/wp\/v2\/posts\/2977\/revisions\/2980"}],"wp:attachment":[{"href":"http:\/\/www.lookit.org\/blog\/index.php?rest_route=%2Fwp%2Fv2%2Fmedia&parent=2977"}],"wp:term":[{"taxonomy":"category","embeddable":true,"href":"http:\/\/www.lookit.org\/blog\/index.php?rest_route=%2Fwp%2Fv2%2Fcategories&post=2977"},{"taxonomy":"post_tag","embeddable":true,"href":"http:\/\/www.lookit.org\/blog\/index.php?rest_route=%2Fwp%2Fv2%2Ftags&post=2977"}],"curies":[{"name":"wp","href":"https:\/\/api.w.org\/{rel}","templated":true}]}}