{"id":3156,"date":"2017-06-20T14:56:00","date_gmt":"2017-06-20T12:56:00","guid":{"rendered":"http:\/\/www.lookit.org\/blog\/?p=3156"},"modified":"2017-06-20T14:56:00","modified_gmt":"2017-06-20T12:56:00","slug":"grand-parcours-alpinisme-ffcam-video-et-photos-2017","status":"publish","type":"post","link":"http:\/\/www.lookit.org\/blog\/?p=3156","title":{"rendered":"Grand Parcours Alpinisme FFCAM &#8211; Vid\u00e9o et photos &#8211; 2017"},"content":{"rendered":"<figure id=\"attachment_3157\" aria-describedby=\"caption-attachment-3157\" style=\"width: 300px\" class=\"wp-caption alignleft\"><a href=\"http:\/\/www.lookit.org\/blog\/wp-content\/uploads\/2017\/06\/LITTLE_1280_C30_JIP6170387.jpg\"><img loading=\"lazy\" decoding=\"async\" data-attachment-id=\"3157\" data-permalink=\"http:\/\/www.lookit.org\/blog\/?attachment_id=3157\" data-orig-file=\"http:\/\/www.lookit.org\/blog\/wp-content\/uploads\/2017\/06\/LITTLE_1280_C30_JIP6170387.jpg\" data-orig-size=\"300,225\" data-comments-opened=\"1\" data-image-meta=\"{&quot;aperture&quot;:&quot;11&quot;,&quot;credit&quot;:&quot;Jean-Pierre Tauvron&quot;,&quot;camera&quot;:&quot;E-M5MarkII&quot;,&quot;caption&quot;:&quot;Grand Parcours 2017&quot;,&quot;created_timestamp&quot;:&quot;1497703958&quot;,&quot;copyright&quot;:&quot;Jean-Pierre Tauvron&quot;,&quot;focal_length&quot;:&quot;50&quot;,&quot;iso&quot;:&quot;1000&quot;,&quot;shutter_speed&quot;:&quot;0.0025&quot;,&quot;title&quot;:&quot;Grand Parcours 2017&quot;,&quot;orientation&quot;:&quot;0&quot;}\" data-image-title=\"Grand Parcours 2017\" data-image-description=\"\" data-image-caption=\"&lt;p&gt;Grand Parcours 2017&lt;\/p&gt;\n\" data-large-file=\"http:\/\/www.lookit.org\/blog\/wp-content\/uploads\/2017\/06\/LITTLE_1280_C30_JIP6170387.jpg\" class=\"size-medium wp-image-3157\" src=\"http:\/\/www.lookit.org\/blog\/wp-content\/uploads\/2017\/06\/LITTLE_1280_C30_JIP6170387-300x225.jpg\" alt=\"\" width=\"300\" height=\"225\"><\/a><figcaption id=\"caption-attachment-3157\" class=\"wp-caption-text\">Grand Parcours 2017<\/figcaption><\/figure>\n<p>Et bien voil\u00e0 ! Un grand week-end se termine apr\u00e8s quelques mois d&rsquo;organisation ! L&rsquo;an dernier, j&rsquo;ai d\u00e9couvert le Grand Parcours en tant qu&rsquo;encadrant : entendez par l\u00e0 : j&#8217;emm\u00e8ne des gens sur des parcours pour leur faire d\u00e9couvrir l&rsquo;alpinisme.<\/p>\n<p>Et \u00e0 la fin de du Gd parcours de l&rsquo;an dernier, j&rsquo;avais dit que je voulais aider cette ann\u00e9e en voyant la lourde responsabilit\u00e9 de l&rsquo;organisation &#8230; Et bien au final : j&rsquo;ai finit par en prendre la responsabilit\u00e9 compl\u00e8te &#8230; bien s\u00fbr aid\u00e9 par un groupe de b\u00e9n\u00e9voles.<\/p>\n<p>Cette \u00e9dition N\u00b05, qui n&rsquo;aura que l&rsquo;odeur de la transpiration et non de Chanel, a \u00e9t\u00e9 une bonne exp\u00e9rience que je ne pourrais que motiver d&rsquo;autres \u00e0 se lancer dans l&rsquo;aventure.<\/p>\n<p>370 personnes inscrites pour 3 grands sites : La mer de Glace, Le plan de l&rsquo;aiguille du Midi et le Br\u00e9vent &#8230; le manque de neige aura forc\u00e9 des parcours plut\u00f4t typ\u00e9s escalade mais c&rsquo;\u00e9tait bien re\u00e7u par les participants, la soir\u00e9e \u00ab\u00a0tartiflette\u00a0\u00bb a \u00e9t\u00e9 aussi bien sympa, les quelques personnes venues faire une pr\u00e9sentation comme Marion Poitevin nous ont tous \u00e9pat\u00e9s.<\/p>\n<p>D&rsquo;autres parts : rencontrer aussi des figures locales de Cham comme les dirigeants de l&rsquo;\u00e9cole de l&rsquo;ENSA, le PGHM, le pr\u00e9sident de la FFCAM etc etc m&rsquo;ont particuli\u00e8rement touch\u00e9 par leur accessibilit\u00e9 et investissement dans le monde de la montagne.<\/p>\n<p>Ce week-end : m\u00eame les ptis loulous d&rsquo;A. et Esteban ont pu profiter et participer \u00e0 ce Grand Parcours &#8230; avec leur petite pierre \u00e0 eux \ud83d\ude42 &nbsp;et une visite au Br\u00e9vent devant le Mont Blanc.<\/p>\n<p>La m\u00e9t\u00e9o a \u00e9t\u00e9 particuli\u00e8rement bonne &#8230; une chance pour ce week end compar\u00e9 \u00e0 l&rsquo;an dernier o\u00f9 la pluie a \u00e9t\u00e9 tr\u00e8s abondante.<\/p>\n<p>[box type=\u00a0\u00bbinfo\u00a0\u00bb] Voici les Photos du Grand Parcours : <a href=\"http:\/\/www.lookit.org\/gallerie3\/index.php\/Grand_parcours_CAF_2017\" target=\"_blank\" rel=\"noopener\">ICI<\/a>[\/box]<\/p>\n<p><iframe loading=\"lazy\" src=\"\/\/www.youtube.com\/embed\/0g83kVn0A9U\" width=\"560\" height=\"314\" allowfullscreen=\"allowfullscreen\"><\/iframe><\/p>\n","protected":false},"excerpt":{"rendered":"<p>Et bien voil\u00e0 ! Un grand week-end se termine apr\u00e8s quelques mois d&rsquo;organisation ! L&rsquo;an dernier, j&rsquo;ai d\u00e9couvert le Grand Parcours en tant qu&rsquo;encadrant : entendez par l\u00e0 : j&#8217;emm\u00e8ne des gens sur des parcours pour leur faire d\u00e9couvrir l&rsquo;alpinisme. Et \u00e0 la fin de du Gd parcours de l&rsquo;an dernier, j&rsquo;avais dit que je [&hellip;]<\/p>\n","protected":false},"author":1,"featured_media":0,"comment_status":"open","ping_status":"open","sticky":false,"template":"","format":"standard","meta":{"jetpack_post_was_ever_published":false,"_jetpack_newsletter_access":"","_jetpack_dont_email_post_to_subs":false,"_jetpack_newsletter_tier_id":0,"_jetpack_memberships_contains_paywalled_content":false,"_jetpack_memberships_contains_paid_content":false,"footnotes":"","jetpack_publicize_message":"","jetpack_publicize_feature_enabled":true,"jetpack_social_post_already_shared":true,"jetpack_social_options":{"image_generator_settings":{"template":"highway","default_image_id":0,"font":"","enabled":false},"version":2}},"categories":[9],"tags":[],"class_list":["post-3156","post","type-post","status-publish","format-standard","hentry","category-sport"],"jetpack_publicize_connections":[],"jetpack_featured_media_url":"","jetpack_shortlink":"https:\/\/wp.me\/pWrTo-OU","jetpack_sharing_enabled":true,"jetpack_likes_enabled":true,"_links":{"self":[{"href":"http:\/\/www.lookit.org\/blog\/index.php?rest_route=\/wp\/v2\/posts\/3156","targetHints":{"allow":["GET"]}}],"collection":[{"href":"http:\/\/www.lookit.org\/blog\/index.php?rest_route=\/wp\/v2\/posts"}],"about":[{"href":"http:\/\/www.lookit.org\/blog\/index.php?rest_route=\/wp\/v2\/types\/post"}],"author":[{"embeddable":true,"href":"http:\/\/www.lookit.org\/blog\/index.php?rest_route=\/wp\/v2\/users\/1"}],"replies":[{"embeddable":true,"href":"http:\/\/www.lookit.org\/blog\/index.php?rest_route=%2Fwp%2Fv2%2Fcomments&post=3156"}],"version-history":[{"count":1,"href":"http:\/\/www.lookit.org\/blog\/index.php?rest_route=\/wp\/v2\/posts\/3156\/revisions"}],"predecessor-version":[{"id":3158,"href":"http:\/\/www.lookit.org\/blog\/index.php?rest_route=\/wp\/v2\/posts\/3156\/revisions\/3158"}],"wp:attachment":[{"href":"http:\/\/www.lookit.org\/blog\/index.php?rest_route=%2Fwp%2Fv2%2Fmedia&parent=3156"}],"wp:term":[{"taxonomy":"category","embeddable":true,"href":"http:\/\/www.lookit.org\/blog\/index.php?rest_route=%2Fwp%2Fv2%2Fcategories&post=3156"},{"taxonomy":"post_tag","embeddable":true,"href":"http:\/\/www.lookit.org\/blog\/index.php?rest_route=%2Fwp%2Fv2%2Ftags&post=3156"}],"curies":[{"name":"wp","href":"https:\/\/api.w.org\/{rel}","templated":true}]}}