{"id":3168,"date":"2017-09-17T18:35:59","date_gmt":"2017-09-17T16:35:59","guid":{"rendered":"http:\/\/www.lookit.org\/blog\/?p=3168"},"modified":"2017-09-17T18:35:59","modified_gmt":"2017-09-17T16:35:59","slug":"mont-forchat-en-famille-092017","status":"publish","type":"post","link":"http:\/\/www.lookit.org\/blog\/?p=3168","title":{"rendered":"Mont Forchat &#8211; en famille &#8211; 092017"},"content":{"rendered":"<figure id=\"attachment_3169\" aria-describedby=\"caption-attachment-3169\" style=\"width: 226px\" class=\"wp-caption alignleft\"><a href=\"http:\/\/www.lookit.org\/blog\/wp-content\/uploads\/2017\/09\/site_LITTLE_IMG_2141.jpg\"><img loading=\"lazy\" decoding=\"async\" data-attachment-id=\"3169\" data-permalink=\"http:\/\/www.lookit.org\/blog\/?attachment_id=3169\" data-orig-file=\"http:\/\/www.lookit.org\/blog\/wp-content\/uploads\/2017\/09\/site_LITTLE_IMG_2141.jpg\" data-orig-size=\"300,399\" data-comments-opened=\"1\" data-image-meta=\"{&quot;aperture&quot;:&quot;1.8&quot;,&quot;credit&quot;:&quot;&quot;,&quot;camera&quot;:&quot;iPhone 7 Plus&quot;,&quot;caption&quot;:&quot;&quot;,&quot;created_timestamp&quot;:&quot;1505046312&quot;,&quot;copyright&quot;:&quot;&quot;,&quot;focal_length&quot;:&quot;3.99&quot;,&quot;iso&quot;:&quot;20&quot;,&quot;shutter_speed&quot;:&quot;0.0012004801920768&quot;,&quot;title&quot;:&quot;&quot;,&quot;orientation&quot;:&quot;0&quot;}\" data-image-title=\"Mont Forchat\" data-image-description=\"&lt;p&gt;Mont Forchat&lt;\/p&gt;\n\" data-image-caption=\"&lt;p&gt;Mont Forchat&lt;\/p&gt;\n\" data-large-file=\"http:\/\/www.lookit.org\/blog\/wp-content\/uploads\/2017\/09\/site_LITTLE_IMG_2141.jpg\" class=\"size-medium wp-image-3169\" src=\"http:\/\/www.lookit.org\/blog\/wp-content\/uploads\/2017\/09\/site_LITTLE_IMG_2141-226x300.jpg\" alt=\"Mont Forchat\" width=\"226\" height=\"300\" srcset=\"http:\/\/www.lookit.org\/blog\/wp-content\/uploads\/2017\/09\/site_LITTLE_IMG_2141-226x300.jpg 226w, http:\/\/www.lookit.org\/blog\/wp-content\/uploads\/2017\/09\/site_LITTLE_IMG_2141.jpg 300w\" sizes=\"auto, (max-width: 226px) 100vw, 226px\" \/><\/a><figcaption id=\"caption-attachment-3169\" class=\"wp-caption-text\">Mont Forchat<\/figcaption><\/figure>\n<p>Afin de reprendre la rentr\u00e9e et souffler un peu apr\u00e8s celle-ci ( quoi que , vu la motivation d&rsquo;E. , il n&rsquo;avait pas besoin d&rsquo;\u00eatre pouss\u00e9 pour y aller ), une ballade avec les amis semblait bien s&rsquo;imposer.<\/p>\n<p>Avec le petit groupe habituel , et malgr\u00e9 le froid qui s&rsquo;est install\u00e9 ici en Haute-Savoie, nous sommes all\u00e9s d&rsquo;un bon pas gravir ce petit sommet sans aucun soucis &#8230; m\u00eame la petite derni\u00e8re de 3 ans pile a fait le chemin entier \ud83d\ude42<\/p>\n<p>Un plaisir de les voir se retrouver entre eux et d\u00e9couvrir ensemble la nature sous un autre angle ( le marais \u00e9tait a un bon niveau , ce qui nous a permis de chercher des t\u00eatards ) &#8230;<\/p>\n<p>Et profiter ensuite d&rsquo;une pause cr\u00eapes \u00e0 la maison \ud83d\ude42 , non non ce n&rsquo;\u00e9tait pas la carotte &#8230; Aucun n&rsquo;a r\u00e2l\u00e9 pour monter \ud83d\ude42<\/p>\n<p>L&rsquo;ann\u00e9e scolaire est entam\u00e9e &#8230; on retrouve les amis et le rythme &#8230; et moi j&rsquo;ai hate de reprendre le ski ainsi qu&rsquo;Esteban : il n&rsquo;a pas oubli\u00e9 ses lacunes l&rsquo;an dernier ! \u00e7a m&rsquo;a \u00e9pat\u00e9 , il savait exactement ce qui n&rsquo;allait pas : \u00ab\u00a0papa , tu crois que si je tourne bien , j&rsquo;aurais mon \u00e9toile ?\u00a0\u00bb &#8230;. hahahahaha j&rsquo;ai h\u00e2te de le voir.<\/p>\n<p>Vu le niveau de marche , je pense qu&rsquo;on va aller un peu plus haut &#8230; sans avoir \u00e0 les porter &#8230; \ud83d\ude42 youpi \ud83d\ude42<\/p>\n<p>&nbsp;<\/p>\n<p>[box type=\u00a0\u00bbinfo\u00a0\u00bb] Les photos de la sortie avec les ptis : <a href=\"http:\/\/www.lookit.org\/gallerie3\/index.php\/Esteban\/Mont_Forchat_092017\" target=\"_blank\" rel=\"noopener\">ICI<\/a>[\/box]<\/p>\n<p>&nbsp;<\/p>\n","protected":false},"excerpt":{"rendered":"<p>Afin de reprendre la rentr\u00e9e et souffler un peu apr\u00e8s celle-ci ( quoi que , vu la motivation d&rsquo;E. , il n&rsquo;avait pas besoin d&rsquo;\u00eatre pouss\u00e9 pour y aller ), une ballade avec les amis semblait bien s&rsquo;imposer. Avec le petit groupe habituel , et malgr\u00e9 le froid qui s&rsquo;est install\u00e9 ici en Haute-Savoie, nous [&hellip;]<\/p>\n","protected":false},"author":1,"featured_media":0,"comment_status":"open","ping_status":"open","sticky":false,"template":"","format":"standard","meta":{"jetpack_post_was_ever_published":false,"_jetpack_newsletter_access":"","_jetpack_dont_email_post_to_subs":false,"_jetpack_newsletter_tier_id":0,"_jetpack_memberships_contains_paywalled_content":false,"_jetpack_memberships_contains_paid_content":false,"footnotes":"","jetpack_publicize_message":"","jetpack_publicize_feature_enabled":true,"jetpack_social_post_already_shared":true,"jetpack_social_options":{"image_generator_settings":{"template":"highway","default_image_id":0,"font":"","enabled":false},"version":2}},"categories":[3],"tags":[],"class_list":["post-3168","post","type-post","status-publish","format-standard","hentry","category-sorties"],"jetpack_publicize_connections":[],"jetpack_featured_media_url":"","jetpack_shortlink":"https:\/\/wp.me\/pWrTo-P6","jetpack_sharing_enabled":true,"jetpack_likes_enabled":true,"_links":{"self":[{"href":"http:\/\/www.lookit.org\/blog\/index.php?rest_route=\/wp\/v2\/posts\/3168","targetHints":{"allow":["GET"]}}],"collection":[{"href":"http:\/\/www.lookit.org\/blog\/index.php?rest_route=\/wp\/v2\/posts"}],"about":[{"href":"http:\/\/www.lookit.org\/blog\/index.php?rest_route=\/wp\/v2\/types\/post"}],"author":[{"embeddable":true,"href":"http:\/\/www.lookit.org\/blog\/index.php?rest_route=\/wp\/v2\/users\/1"}],"replies":[{"embeddable":true,"href":"http:\/\/www.lookit.org\/blog\/index.php?rest_route=%2Fwp%2Fv2%2Fcomments&post=3168"}],"version-history":[{"count":1,"href":"http:\/\/www.lookit.org\/blog\/index.php?rest_route=\/wp\/v2\/posts\/3168\/revisions"}],"predecessor-version":[{"id":3170,"href":"http:\/\/www.lookit.org\/blog\/index.php?rest_route=\/wp\/v2\/posts\/3168\/revisions\/3170"}],"wp:attachment":[{"href":"http:\/\/www.lookit.org\/blog\/index.php?rest_route=%2Fwp%2Fv2%2Fmedia&parent=3168"}],"wp:term":[{"taxonomy":"category","embeddable":true,"href":"http:\/\/www.lookit.org\/blog\/index.php?rest_route=%2Fwp%2Fv2%2Fcategories&post=3168"},{"taxonomy":"post_tag","embeddable":true,"href":"http:\/\/www.lookit.org\/blog\/index.php?rest_route=%2Fwp%2Fv2%2Ftags&post=3168"}],"curies":[{"name":"wp","href":"https:\/\/api.w.org\/{rel}","templated":true}]}}