{"id":3185,"date":"2017-10-01T20:56:50","date_gmt":"2017-10-01T18:56:50","guid":{"rendered":"http:\/\/www.lookit.org\/blog\/?p=3185"},"modified":"2017-10-01T20:56:50","modified_gmt":"2017-10-01T18:56:50","slug":"video-ballade-sophro-aux-pieds-des-cornettes-de-bise-092017","status":"publish","type":"post","link":"http:\/\/www.lookit.org\/blog\/?p=3185","title":{"rendered":"( Vid\u00e9o ) Ballade sophro aux pieds des Cornettes de Bise &#8211; 092017"},"content":{"rendered":"<figure id=\"attachment_3186\" aria-describedby=\"caption-attachment-3186\" style=\"width: 300px\" class=\"wp-caption alignleft\"><a href=\"http:\/\/www.lookit.org\/blog\/wp-content\/uploads\/2017\/10\/Capture-d\u2019e\u0301cran-2017-10-01-a\u0300-20.44.33.png\"><img loading=\"lazy\" decoding=\"async\" data-attachment-id=\"3186\" data-permalink=\"http:\/\/www.lookit.org\/blog\/?attachment_id=3186\" data-orig-file=\"http:\/\/www.lookit.org\/blog\/wp-content\/uploads\/2017\/10\/Capture-d\u2019e\u0301cran-2017-10-01-a\u0300-20.44.33.png\" data-orig-size=\"1898,1062\" data-comments-opened=\"1\" data-image-meta=\"{&quot;aperture&quot;:&quot;0&quot;,&quot;credit&quot;:&quot;&quot;,&quot;camera&quot;:&quot;&quot;,&quot;caption&quot;:&quot;&quot;,&quot;created_timestamp&quot;:&quot;0&quot;,&quot;copyright&quot;:&quot;&quot;,&quot;focal_length&quot;:&quot;0&quot;,&quot;iso&quot;:&quot;0&quot;,&quot;shutter_speed&quot;:&quot;0&quot;,&quot;title&quot;:&quot;&quot;,&quot;orientation&quot;:&quot;0&quot;}\" data-image-title=\"Cornettes de Bise\" data-image-description=\"&lt;p&gt;Cornettes de Bise&lt;\/p&gt;\n\" data-image-caption=\"&lt;p&gt;Cornettes de Bise&lt;\/p&gt;\n\" data-large-file=\"http:\/\/www.lookit.org\/blog\/wp-content\/uploads\/2017\/10\/Capture-d\u2019e\u0301cran-2017-10-01-a\u0300-20.44.33-1024x573.png\" class=\"size-medium wp-image-3186\" src=\"http:\/\/www.lookit.org\/blog\/wp-content\/uploads\/2017\/10\/Capture-d\u2019e\u0301cran-2017-10-01-a\u0300-20.44.33-300x168.png\" alt=\"Cornettes de Bise\" width=\"300\" height=\"168\" srcset=\"http:\/\/www.lookit.org\/blog\/wp-content\/uploads\/2017\/10\/Capture-d\u2019e\u0301cran-2017-10-01-a\u0300-20.44.33-300x168.png 300w, http:\/\/www.lookit.org\/blog\/wp-content\/uploads\/2017\/10\/Capture-d\u2019e\u0301cran-2017-10-01-a\u0300-20.44.33-768x430.png 768w, http:\/\/www.lookit.org\/blog\/wp-content\/uploads\/2017\/10\/Capture-d\u2019e\u0301cran-2017-10-01-a\u0300-20.44.33-1024x573.png 1024w, http:\/\/www.lookit.org\/blog\/wp-content\/uploads\/2017\/10\/Capture-d\u2019e\u0301cran-2017-10-01-a\u0300-20.44.33-900x504.png 900w, http:\/\/www.lookit.org\/blog\/wp-content\/uploads\/2017\/10\/Capture-d\u2019e\u0301cran-2017-10-01-a\u0300-20.44.33.png 1898w\" sizes=\"auto, (max-width: 300px) 100vw, 300px\" \/><\/a><figcaption id=\"caption-attachment-3186\" class=\"wp-caption-text\">Cornettes de Bise<\/figcaption><\/figure>\n<p>Apr\u00e8s une matin\u00e9e pass\u00e9e \u00e0 la d\u00e9salpe de la Dent d&rsquo;Oche ( Descente de tous les alpages cot\u00e9 Bernex &#8230; video \u00e0 venir ), nous avons d\u00e9cid\u00e9 de les emmener dans un endroit que j&rsquo;aime beaucoup autour de la Dent d&rsquo;Oche et des Cornettes de Bise.<\/p>\n<p>Nous voulions marquer le coup et se reposer aussi : les filles et surtout E. sont tr\u00e8s r\u00e9ceptifs aux moments de d\u00e9tente parfois musicaux.<\/p>\n<p>E. sait prendre la posture du \u00ab\u00a0papa , regardes comment on \u00e9coute la nature\u00a0\u00bb \ud83d\ude42 On ferme les yeux, on l\u00e8ve les bras et on se tait pour \u00e9couter les bruits de la for\u00eat.<\/p>\n<p>Cette fois-ci : j&rsquo;ai propos\u00e9 de se coucher dans l&rsquo;herbe , avec un petit vent et un bon soleil pour se poser quelques longs instants.<\/p>\n<p>Quelle beaut\u00e9 de les voir tous appr\u00e9cier ce moment &#8230; chacun dans sa position ! Nous nous sommes aussi pris au jeu \ud83d\ude42 , pas de jaloux \ud83d\ude42 ,<\/p>\n<p>On a qu&rsquo;une vie et personne ne pourra me prendre ces moments d&rsquo;amour partag\u00e9s \ud83d\ude42<\/p>\n<p><iframe loading=\"lazy\" src=\"\/\/www.youtube.com\/embed\/b2oRGvZxQJc\" width=\"560\" height=\"314\" allowfullscreen=\"allowfullscreen\"><\/iframe><\/p>\n","protected":false},"excerpt":{"rendered":"<p>Apr\u00e8s une matin\u00e9e pass\u00e9e \u00e0 la d\u00e9salpe de la Dent d&rsquo;Oche ( Descente de tous les alpages cot\u00e9 Bernex &#8230; video \u00e0 venir ), nous avons d\u00e9cid\u00e9 de les emmener dans un endroit que j&rsquo;aime beaucoup autour de la Dent d&rsquo;Oche et des Cornettes de Bise. Nous voulions marquer le coup et se reposer aussi [&hellip;]<\/p>\n","protected":false},"author":1,"featured_media":0,"comment_status":"open","ping_status":"open","sticky":false,"template":"","format":"standard","meta":{"jetpack_post_was_ever_published":false,"_jetpack_newsletter_access":"","_jetpack_dont_email_post_to_subs":false,"_jetpack_newsletter_tier_id":0,"_jetpack_memberships_contains_paywalled_content":false,"_jetpack_memberships_contains_paid_content":false,"footnotes":"","jetpack_publicize_message":"","jetpack_publicize_feature_enabled":true,"jetpack_social_post_already_shared":true,"jetpack_social_options":{"image_generator_settings":{"template":"highway","default_image_id":0,"font":"","enabled":false},"version":2}},"categories":[6],"tags":[],"class_list":["post-3185","post","type-post","status-publish","format-standard","hentry","category-photographie"],"jetpack_publicize_connections":[],"jetpack_featured_media_url":"","jetpack_shortlink":"https:\/\/wp.me\/pWrTo-Pn","jetpack_sharing_enabled":true,"jetpack_likes_enabled":true,"_links":{"self":[{"href":"http:\/\/www.lookit.org\/blog\/index.php?rest_route=\/wp\/v2\/posts\/3185","targetHints":{"allow":["GET"]}}],"collection":[{"href":"http:\/\/www.lookit.org\/blog\/index.php?rest_route=\/wp\/v2\/posts"}],"about":[{"href":"http:\/\/www.lookit.org\/blog\/index.php?rest_route=\/wp\/v2\/types\/post"}],"author":[{"embeddable":true,"href":"http:\/\/www.lookit.org\/blog\/index.php?rest_route=\/wp\/v2\/users\/1"}],"replies":[{"embeddable":true,"href":"http:\/\/www.lookit.org\/blog\/index.php?rest_route=%2Fwp%2Fv2%2Fcomments&post=3185"}],"version-history":[{"count":1,"href":"http:\/\/www.lookit.org\/blog\/index.php?rest_route=\/wp\/v2\/posts\/3185\/revisions"}],"predecessor-version":[{"id":3188,"href":"http:\/\/www.lookit.org\/blog\/index.php?rest_route=\/wp\/v2\/posts\/3185\/revisions\/3188"}],"wp:attachment":[{"href":"http:\/\/www.lookit.org\/blog\/index.php?rest_route=%2Fwp%2Fv2%2Fmedia&parent=3185"}],"wp:term":[{"taxonomy":"category","embeddable":true,"href":"http:\/\/www.lookit.org\/blog\/index.php?rest_route=%2Fwp%2Fv2%2Fcategories&post=3185"},{"taxonomy":"post_tag","embeddable":true,"href":"http:\/\/www.lookit.org\/blog\/index.php?rest_route=%2Fwp%2Fv2%2Ftags&post=3185"}],"curies":[{"name":"wp","href":"https:\/\/api.w.org\/{rel}","templated":true}]}}