{"id":3189,"date":"2017-10-01T22:38:06","date_gmt":"2017-10-01T20:38:06","guid":{"rendered":"http:\/\/www.lookit.org\/blog\/?p=3189"},"modified":"2017-10-01T22:38:06","modified_gmt":"2017-10-01T20:38:06","slug":"video-desalpe-a-bernex-aux-pieds-de-la-dent-doche-092017","status":"publish","type":"post","link":"http:\/\/www.lookit.org\/blog\/?p=3189","title":{"rendered":"( Video ) D\u00e9salpe \u00e0 Bernex aux pieds de la Dent d&rsquo;Oche &#8211; 092017"},"content":{"rendered":"<figure id=\"attachment_3190\" aria-describedby=\"caption-attachment-3190\" style=\"width: 300px\" class=\"wp-caption alignleft\"><a href=\"http:\/\/www.lookit.org\/blog\/wp-content\/uploads\/2017\/10\/site_Capture-d\u2019e\u0301cran-2017-10-01-a\u0300-22.28.49.jpg\"><img loading=\"lazy\" decoding=\"async\" data-attachment-id=\"3190\" data-permalink=\"http:\/\/www.lookit.org\/blog\/?attachment_id=3190\" data-orig-file=\"http:\/\/www.lookit.org\/blog\/wp-content\/uploads\/2017\/10\/site_Capture-d\u2019e\u0301cran-2017-10-01-a\u0300-22.28.49.jpg\" data-orig-size=\"320,179\" data-comments-opened=\"1\" data-image-meta=\"{&quot;aperture&quot;:&quot;0&quot;,&quot;credit&quot;:&quot;&quot;,&quot;camera&quot;:&quot;&quot;,&quot;caption&quot;:&quot;&quot;,&quot;created_timestamp&quot;:&quot;0&quot;,&quot;copyright&quot;:&quot;&quot;,&quot;focal_length&quot;:&quot;0&quot;,&quot;iso&quot;:&quot;0&quot;,&quot;shutter_speed&quot;:&quot;0&quot;,&quot;title&quot;:&quot;&quot;,&quot;orientation&quot;:&quot;0&quot;}\" data-image-title=\"Bernex\" data-image-description=\"&lt;p&gt;Bernex&lt;\/p&gt;\n\" data-image-caption=\"&lt;p&gt;Bernex&lt;\/p&gt;\n\" data-large-file=\"http:\/\/www.lookit.org\/blog\/wp-content\/uploads\/2017\/10\/site_Capture-d\u2019e\u0301cran-2017-10-01-a\u0300-22.28.49.jpg\" class=\"size-medium wp-image-3190\" src=\"http:\/\/www.lookit.org\/blog\/wp-content\/uploads\/2017\/10\/site_Capture-d\u2019e\u0301cran-2017-10-01-a\u0300-22.28.49-300x168.jpg\" alt=\"Bernex\" width=\"300\" height=\"168\" srcset=\"http:\/\/www.lookit.org\/blog\/wp-content\/uploads\/2017\/10\/site_Capture-d\u2019e\u0301cran-2017-10-01-a\u0300-22.28.49-300x168.jpg 300w, http:\/\/www.lookit.org\/blog\/wp-content\/uploads\/2017\/10\/site_Capture-d\u2019e\u0301cran-2017-10-01-a\u0300-22.28.49.jpg 320w\" sizes=\"auto, (max-width: 300px) 100vw, 300px\" \/><\/a><figcaption id=\"caption-attachment-3190\" class=\"wp-caption-text\">Bernex<\/figcaption><\/figure>\n<p>La Grande d\u00e9salpe de Bernex o\u00f9 plus d&rsquo;une dizaine d&rsquo;alpages se rejoignent dans le village pour mettre les vaches au chaud durant tout l&rsquo;hiver.&nbsp;<\/p>\n<p>Elles ont bien mang\u00e9 tout l&rsquo;\u00e9t\u00e9 &#8230; Et maintenant elles vont se reposer au chaud ! Et nous , on va bien f\u00eater \u00e7a !<\/p>\n<p>C&rsquo;est toujours un \u00e9v\u00e8nement important dans la r\u00e9gion, comme les Flottins d&rsquo;Evian : on ne peut pas manquer \u00e7a !<\/p>\n<p>Les enfants ont profit\u00e9 des cal\u00e8ches, nous de la choucroute et du vin !<\/p>\n<p>Beaucoup de traditions \u00e9taient pr\u00e9sent\u00e9es ce jour \u00e0 Bernex , j&rsquo;ai tent\u00e9 de toutes les mettre dans un pti bout de vid\u00e9o de quelques minutes \ud83d\ude42<\/p>\n<p>La Haute-Savoie : une fois qu&rsquo;on y a gout\u00e9, on ne peut plus s&rsquo;en s\u00e9parer !!!! Le besoin de partir en vacances est inexistant ici : les montagnes on les aime ou on les quitte, c&rsquo;est une r\u00e9gion enti\u00e8re : lac , montagne, nature &#8230;<\/p>\n<p>Cette r\u00e9gion nous ouvre les portes du paradis toute l&rsquo;ann\u00e9e ! \ud83d\ude42 J&rsquo;esp\u00e8re y vivre encore le restant de ma vie ! \ud83d\ude42<\/p>\n<p><iframe loading=\"lazy\" src=\"\/\/www.youtube.com\/embed\/WKttNkh9J-w\" width=\"560\" height=\"314\" allowfullscreen=\"allowfullscreen\"><\/iframe><\/p>\n<p>&nbsp;<\/p>\n<p>&nbsp;<\/p>\n<p>&nbsp;<\/p>\n","protected":false},"excerpt":{"rendered":"<p>La Grande d\u00e9salpe de Bernex o\u00f9 plus d&rsquo;une dizaine d&rsquo;alpages se rejoignent dans le village pour mettre les vaches au chaud durant tout l&rsquo;hiver.&nbsp; Elles ont bien mang\u00e9 tout l&rsquo;\u00e9t\u00e9 &#8230; Et maintenant elles vont se reposer au chaud ! Et nous , on va bien f\u00eater \u00e7a ! C&rsquo;est toujours un \u00e9v\u00e8nement important dans [&hellip;]<\/p>\n","protected":false},"author":1,"featured_media":0,"comment_status":"open","ping_status":"open","sticky":false,"template":"","format":"standard","meta":{"jetpack_post_was_ever_published":false,"_jetpack_newsletter_access":"","_jetpack_dont_email_post_to_subs":false,"_jetpack_newsletter_tier_id":0,"_jetpack_memberships_contains_paywalled_content":false,"_jetpack_memberships_contains_paid_content":false,"footnotes":"","jetpack_publicize_message":"","jetpack_publicize_feature_enabled":true,"jetpack_social_post_already_shared":true,"jetpack_social_options":{"image_generator_settings":{"template":"highway","default_image_id":0,"font":"","enabled":false},"version":2}},"categories":[3],"tags":[],"class_list":["post-3189","post","type-post","status-publish","format-standard","hentry","category-sorties"],"jetpack_publicize_connections":[],"jetpack_featured_media_url":"","jetpack_shortlink":"https:\/\/wp.me\/pWrTo-Pr","jetpack_sharing_enabled":true,"jetpack_likes_enabled":true,"_links":{"self":[{"href":"http:\/\/www.lookit.org\/blog\/index.php?rest_route=\/wp\/v2\/posts\/3189","targetHints":{"allow":["GET"]}}],"collection":[{"href":"http:\/\/www.lookit.org\/blog\/index.php?rest_route=\/wp\/v2\/posts"}],"about":[{"href":"http:\/\/www.lookit.org\/blog\/index.php?rest_route=\/wp\/v2\/types\/post"}],"author":[{"embeddable":true,"href":"http:\/\/www.lookit.org\/blog\/index.php?rest_route=\/wp\/v2\/users\/1"}],"replies":[{"embeddable":true,"href":"http:\/\/www.lookit.org\/blog\/index.php?rest_route=%2Fwp%2Fv2%2Fcomments&post=3189"}],"version-history":[{"count":2,"href":"http:\/\/www.lookit.org\/blog\/index.php?rest_route=\/wp\/v2\/posts\/3189\/revisions"}],"predecessor-version":[{"id":3192,"href":"http:\/\/www.lookit.org\/blog\/index.php?rest_route=\/wp\/v2\/posts\/3189\/revisions\/3192"}],"wp:attachment":[{"href":"http:\/\/www.lookit.org\/blog\/index.php?rest_route=%2Fwp%2Fv2%2Fmedia&parent=3189"}],"wp:term":[{"taxonomy":"category","embeddable":true,"href":"http:\/\/www.lookit.org\/blog\/index.php?rest_route=%2Fwp%2Fv2%2Fcategories&post=3189"},{"taxonomy":"post_tag","embeddable":true,"href":"http:\/\/www.lookit.org\/blog\/index.php?rest_route=%2Fwp%2Fv2%2Ftags&post=3189"}],"curies":[{"name":"wp","href":"https:\/\/api.w.org\/{rel}","templated":true}]}}