{"id":3194,"date":"2017-10-09T07:40:52","date_gmt":"2017-10-09T05:40:52","guid":{"rendered":"http:\/\/www.lookit.org\/blog\/?p=3194"},"modified":"2017-10-09T07:41:13","modified_gmt":"2017-10-09T05:41:13","slug":"week-end-refuge-chalets-de-graydon-102017","status":"publish","type":"post","link":"http:\/\/www.lookit.org\/blog\/?p=3194","title":{"rendered":"Week-End Chalets de Graydon &#8211; 102017"},"content":{"rendered":"<figure id=\"attachment_3195\" aria-describedby=\"caption-attachment-3195\" style=\"width: 300px\" class=\"wp-caption alignleft\"><a href=\"http:\/\/www.lookit.org\/blog\/wp-content\/uploads\/2017\/10\/site_sd20171008-225410.jpg\"><img loading=\"lazy\" decoding=\"async\" data-attachment-id=\"3195\" data-permalink=\"http:\/\/www.lookit.org\/blog\/?attachment_id=3195\" data-orig-file=\"http:\/\/www.lookit.org\/blog\/wp-content\/uploads\/2017\/10\/site_sd20171008-225410.jpg\" data-orig-size=\"320,240\" data-comments-opened=\"1\" data-image-meta=\"{&quot;aperture&quot;:&quot;0&quot;,&quot;credit&quot;:&quot;&quot;,&quot;camera&quot;:&quot;&quot;,&quot;caption&quot;:&quot;&quot;,&quot;created_timestamp&quot;:&quot;0&quot;,&quot;copyright&quot;:&quot;&quot;,&quot;focal_length&quot;:&quot;0&quot;,&quot;iso&quot;:&quot;0&quot;,&quot;shutter_speed&quot;:&quot;0&quot;,&quot;title&quot;:&quot;&quot;,&quot;orientation&quot;:&quot;0&quot;}\" data-image-title=\"Chalets de Graydon\" data-image-description=\"&lt;p&gt;Chalets de Graydon&lt;\/p&gt;\n\" data-image-caption=\"&lt;p&gt;Chalets de Graydon&lt;\/p&gt;\n\" data-large-file=\"http:\/\/www.lookit.org\/blog\/wp-content\/uploads\/2017\/10\/site_sd20171008-225410.jpg\" class=\"size-medium wp-image-3195\" src=\"http:\/\/www.lookit.org\/blog\/wp-content\/uploads\/2017\/10\/site_sd20171008-225410-300x225.jpg\" alt=\"Chalets de Graydon\" width=\"300\" height=\"225\" srcset=\"http:\/\/www.lookit.org\/blog\/wp-content\/uploads\/2017\/10\/site_sd20171008-225410-300x225.jpg 300w, http:\/\/www.lookit.org\/blog\/wp-content\/uploads\/2017\/10\/site_sd20171008-225410.jpg 320w\" sizes=\"auto, (max-width: 300px) 100vw, 300px\" \/><\/a><figcaption id=\"caption-attachment-3195\" class=\"wp-caption-text\">Chalets de Graydon<\/figcaption><\/figure>\n<p>Les beaux jours ne sont pas termin\u00e9s. M\u00eame si le froid s&rsquo;installe doucement ou que quelques flocons tombent de temps en temps comme c&rsquo;\u00e9tait le cas ce week end, l&rsquo;\u00e9nergie des enfants nous pousse \u00e0 bouger et les laisser se d\u00e9penser.<\/p>\n<p>La montagne est un endroit merveilleux o\u00f9 on peut les laisser s&rsquo;exprimer sans avoir peur de d\u00e9ranger. Hormis entre eux \ud83d\ude42<\/p>\n<p>E. et ses amis R. et les filles ont pu justement en profiter. Apr\u00e8s une matin\u00e9e \u00e0 l&rsquo;\u00e9cole o\u00f9 ils ont pu participer \u00e0 l&rsquo;action d&rsquo;aide associative ( pour les enfants handicap\u00e9s ), nous sommes all\u00e9s au Refuge de Graydon ( Refuge du Club Alpin o\u00f9 nous irons passer la nuit\u00e9e du nouvel an : avec la charrette en ski &#8230; si toutefois la neige est l\u00e0 ).<\/p>\n<p>Du soleil, des montagnes, un paysage comme on les adore &#8230; Que demander de plus ? Ils se d\u00e9foulent, ils vont voir les vaches, les chevres les poules &#8230; La vie quoi !!!<\/p>\n<p>Au r\u00e9veil : c&rsquo;est quelques centim\u00e8tres de neige que l&rsquo;on pouvait voir en sur les hauteurs &#8230; mais malgr\u00e9 cela, \u00e0 8h30, ils \u00e9taient d\u00e9j\u00e0 tous debout par eux m\u00eame et habill\u00e9s ! Nous n&rsquo;\u00e9tions pas partis pour faire les quelques kilom\u00e8tres de ballade et croiser les chasseurs mais l&rsquo;arriv\u00e9e au sommet de la Grande Terche 400m de D+ par rapport au refuge.&nbsp;<\/p>\n<p>Au final, apr\u00e8s 5h de ballade o\u00f9 personne n&rsquo;a r\u00e2l\u00e9 pour la distance, c&rsquo;est au gr\u00e9 des constructions de cabanes avec des morceaux de bois que nous sommes arriv\u00e9s l\u00e0 haut. C&rsquo;\u00e9tait long &#8230; mais bon \ud83d\ude42<\/p>\n<p>Apr\u00e8s le repas au refuge, et la m\u00e9t\u00e9o superbe, nous ne voulions pas rentrer &#8230; personne d&rsquo;ailleurs &#8230; c&rsquo;est donc au bord du lac \u00e0 essayer de le remplir avec des cailloux que nous avons finit la journ\u00e9e.&nbsp;<\/p>\n<p>NB : le lac n&rsquo;est toujours pas rempli \ud83d\ude42 , mais \u00e7a viendra \ud83d\ude42<\/p>\n<p>[box type=\u00a0\u00bbinfo\u00a0\u00bb] Les Photos du Week-End sont : <a href=\"http:\/\/www.lookit.org\/gallerie3\/index.php\/Esteban\/Chalets_Graydon_102017\" target=\"_blank\" rel=\"noopener\">ICI<\/a>[\/box]<\/p>\n<p>[wp_geo_map]<\/p>\n","protected":false},"excerpt":{"rendered":"<p>Les beaux jours ne sont pas termin\u00e9s. M\u00eame si le froid s&rsquo;installe doucement ou que quelques flocons tombent de temps en temps comme c&rsquo;\u00e9tait le cas ce week end, l&rsquo;\u00e9nergie des enfants nous pousse \u00e0 bouger et les laisser se d\u00e9penser. La montagne est un endroit merveilleux o\u00f9 on peut les laisser s&rsquo;exprimer sans avoir [&hellip;]<\/p>\n","protected":false},"author":1,"featured_media":0,"comment_status":"open","ping_status":"open","sticky":false,"template":"","format":"standard","meta":{"jetpack_post_was_ever_published":false,"_jetpack_newsletter_access":"","_jetpack_dont_email_post_to_subs":false,"_jetpack_newsletter_tier_id":0,"_jetpack_memberships_contains_paywalled_content":false,"_jetpack_memberships_contains_paid_content":false,"footnotes":"","jetpack_publicize_message":"","jetpack_publicize_feature_enabled":true,"jetpack_social_post_already_shared":true,"jetpack_social_options":{"image_generator_settings":{"template":"highway","default_image_id":0,"font":"","enabled":false},"version":2}},"categories":[3],"tags":[],"class_list":["post-3194","post","type-post","status-publish","format-standard","hentry","category-sorties"],"jetpack_publicize_connections":[],"jetpack_featured_media_url":"","jetpack_shortlink":"https:\/\/wp.me\/pWrTo-Pw","jetpack_sharing_enabled":true,"jetpack_likes_enabled":true,"_links":{"self":[{"href":"http:\/\/www.lookit.org\/blog\/index.php?rest_route=\/wp\/v2\/posts\/3194","targetHints":{"allow":["GET"]}}],"collection":[{"href":"http:\/\/www.lookit.org\/blog\/index.php?rest_route=\/wp\/v2\/posts"}],"about":[{"href":"http:\/\/www.lookit.org\/blog\/index.php?rest_route=\/wp\/v2\/types\/post"}],"author":[{"embeddable":true,"href":"http:\/\/www.lookit.org\/blog\/index.php?rest_route=\/wp\/v2\/users\/1"}],"replies":[{"embeddable":true,"href":"http:\/\/www.lookit.org\/blog\/index.php?rest_route=%2Fwp%2Fv2%2Fcomments&post=3194"}],"version-history":[{"count":4,"href":"http:\/\/www.lookit.org\/blog\/index.php?rest_route=\/wp\/v2\/posts\/3194\/revisions"}],"predecessor-version":[{"id":3199,"href":"http:\/\/www.lookit.org\/blog\/index.php?rest_route=\/wp\/v2\/posts\/3194\/revisions\/3199"}],"wp:attachment":[{"href":"http:\/\/www.lookit.org\/blog\/index.php?rest_route=%2Fwp%2Fv2%2Fmedia&parent=3194"}],"wp:term":[{"taxonomy":"category","embeddable":true,"href":"http:\/\/www.lookit.org\/blog\/index.php?rest_route=%2Fwp%2Fv2%2Fcategories&post=3194"},{"taxonomy":"post_tag","embeddable":true,"href":"http:\/\/www.lookit.org\/blog\/index.php?rest_route=%2Fwp%2Fv2%2Ftags&post=3194"}],"curies":[{"name":"wp","href":"https:\/\/api.w.org\/{rel}","templated":true}]}}