{"id":3202,"date":"2017-10-16T13:08:55","date_gmt":"2017-10-16T11:08:55","guid":{"rendered":"http:\/\/www.lookit.org\/blog\/?p=3202"},"modified":"2017-10-16T13:08:55","modified_gmt":"2017-10-16T11:08:55","slug":"balade-automnale-avec-esteban-a-la-chapelle-des-hermones-102017","status":"publish","type":"post","link":"http:\/\/www.lookit.org\/blog\/?p=3202","title":{"rendered":"Balade automnale avec Esteban \u00e0 la Chapelle des Hermones &#8211; 102017"},"content":{"rendered":"<figure id=\"attachment_3203\" aria-describedby=\"caption-attachment-3203\" style=\"width: 300px\" class=\"wp-caption alignleft\"><a href=\"http:\/\/www.lookit.org\/blog\/wp-content\/uploads\/2017\/10\/Capture-d\u2019e\u0301cran-2017-10-16-a\u0300-12.46.38.png\"><img loading=\"lazy\" decoding=\"async\" data-attachment-id=\"3203\" data-permalink=\"http:\/\/www.lookit.org\/blog\/?attachment_id=3203\" data-orig-file=\"http:\/\/www.lookit.org\/blog\/wp-content\/uploads\/2017\/10\/Capture-d\u2019e\u0301cran-2017-10-16-a\u0300-12.46.38.png\" data-orig-size=\"1006,752\" data-comments-opened=\"1\" data-image-meta=\"{&quot;aperture&quot;:&quot;0&quot;,&quot;credit&quot;:&quot;&quot;,&quot;camera&quot;:&quot;&quot;,&quot;caption&quot;:&quot;&quot;,&quot;created_timestamp&quot;:&quot;0&quot;,&quot;copyright&quot;:&quot;&quot;,&quot;focal_length&quot;:&quot;0&quot;,&quot;iso&quot;:&quot;0&quot;,&quot;shutter_speed&quot;:&quot;0&quot;,&quot;title&quot;:&quot;&quot;,&quot;orientation&quot;:&quot;0&quot;}\" data-image-title=\"Vive l&amp;rsquo;automne\" data-image-description=\"&lt;p&gt;Vive l&amp;rsquo;automne&lt;\/p&gt;\n\" data-image-caption=\"&lt;p&gt;Vive l&amp;rsquo;automne&lt;\/p&gt;\n\" data-large-file=\"http:\/\/www.lookit.org\/blog\/wp-content\/uploads\/2017\/10\/Capture-d\u2019e\u0301cran-2017-10-16-a\u0300-12.46.38.png\" class=\"size-medium wp-image-3203\" src=\"http:\/\/www.lookit.org\/blog\/wp-content\/uploads\/2017\/10\/Capture-d\u2019e\u0301cran-2017-10-16-a\u0300-12.46.38-300x224.png\" alt=\"Vive l'automne\" width=\"300\" height=\"224\" srcset=\"http:\/\/www.lookit.org\/blog\/wp-content\/uploads\/2017\/10\/Capture-d\u2019e\u0301cran-2017-10-16-a\u0300-12.46.38-300x224.png 300w, http:\/\/www.lookit.org\/blog\/wp-content\/uploads\/2017\/10\/Capture-d\u2019e\u0301cran-2017-10-16-a\u0300-12.46.38-768x574.png 768w, http:\/\/www.lookit.org\/blog\/wp-content\/uploads\/2017\/10\/Capture-d\u2019e\u0301cran-2017-10-16-a\u0300-12.46.38-900x673.png 900w, http:\/\/www.lookit.org\/blog\/wp-content\/uploads\/2017\/10\/Capture-d\u2019e\u0301cran-2017-10-16-a\u0300-12.46.38.png 1006w\" sizes=\"auto, (max-width: 300px) 100vw, 300px\" \/><\/a><figcaption id=\"caption-attachment-3203\" class=\"wp-caption-text\">Vive l&rsquo;automne<\/figcaption><\/figure>\n<p>Une balade d&rsquo;Automne comme on les aime bien \ud83d\ude42 Ce matin nous avons m\u00eame pu rajouter quelques positions de Yoga et laisser mon fils se faire plaisir en prenant quelques photos.&nbsp;&nbsp;<\/p>\n<p>Ressentir la nature, contr\u00f4ler sa respiration &#8230; \u00eatre ma\u00eetre de sa vie !&nbsp;<\/p>\n<p>L&rsquo;automne reste ma saison pr\u00e9f\u00e9r\u00e9e : pas de grosses chaleurs , des couleurs magnifiques, du sport \u00e0 foison, des journ\u00e9es encore assez longues pour en profiter et faire plusieurs sorties \ud83d\ude42<\/p>\n<p>Avancer dans la vie, apprendre de ses erreurs, partager son exp\u00e9rience aux plus jeunes &#8230;<\/p>\n<p>Une journ\u00e9e comme j&rsquo;aime en passer avec E. : ballade, jeux de billes au bord du lac, v\u00e9lo pour encourager son papa qui court \u00e0 cot\u00e9 \ud83d\ude42&nbsp;<\/p>\n<p>Il est tr\u00e8s r\u00e9ceptif \u00e0 ces sorties, c&rsquo;est beau \u00e0 voir, il r\u00e9agit avec un enthousiasme tr\u00e8s personnel. J&rsquo;esp\u00e8re que \u00e7a continuera et qu&rsquo;il grandira de la m\u00eame mani\u00e8re \ud83d\ude42<\/p>\n<p>&nbsp;<\/p>\n<p style=\"text-align: center;\">[box type=\u00a0\u00bbinfo\u00a0\u00bb] Les photos de la ballade sont : <a href=\"http:\/\/www.lookit.org\/gallerie3\/index.php\/Esteban\/Chapelle_Hermone_102017\" target=\"_blank\" rel=\"noopener\">ICI<\/a>[\/box]<\/p>\n<p>&nbsp;<\/p>\n<figure id=\"attachment_3204\" aria-describedby=\"caption-attachment-3204\" style=\"width: 300px\" class=\"wp-caption aligncenter\"><a href=\"https:\/\/www.relive.cc\/view\/e1018472834\" target=\"_blank\" rel=\"noopener\"><img loading=\"lazy\" decoding=\"async\" data-attachment-id=\"3204\" data-permalink=\"http:\/\/www.lookit.org\/blog\/?attachment_id=3204\" data-orig-file=\"http:\/\/www.lookit.org\/blog\/wp-content\/uploads\/2017\/10\/Capture-d\u2019e\u0301cran-2017-10-16-a\u0300-13.04.43.png\" data-orig-size=\"787,392\" data-comments-opened=\"1\" data-image-meta=\"{&quot;aperture&quot;:&quot;0&quot;,&quot;credit&quot;:&quot;&quot;,&quot;camera&quot;:&quot;&quot;,&quot;caption&quot;:&quot;&quot;,&quot;created_timestamp&quot;:&quot;0&quot;,&quot;copyright&quot;:&quot;&quot;,&quot;focal_length&quot;:&quot;0&quot;,&quot;iso&quot;:&quot;0&quot;,&quot;shutter_speed&quot;:&quot;0&quot;,&quot;title&quot;:&quot;&quot;,&quot;orientation&quot;:&quot;0&quot;}\" data-image-title=\"Ma sortie de v\u00e9lo avec Auriane\" data-image-description=\"&lt;p&gt;Ma sortie de v\u00e9lo avec Auriane &lt;\/p&gt;\n\" data-image-caption=\"&lt;p&gt;Ma sortie de v\u00e9lo avec Auriane &lt;\/p&gt;\n\" data-large-file=\"http:\/\/www.lookit.org\/blog\/wp-content\/uploads\/2017\/10\/Capture-d\u2019e\u0301cran-2017-10-16-a\u0300-13.04.43.png\" class=\"size-medium wp-image-3204\" src=\"http:\/\/www.lookit.org\/blog\/wp-content\/uploads\/2017\/10\/Capture-d\u2019e\u0301cran-2017-10-16-a\u0300-13.04.43-300x149.png\" alt=\"Ma sortie de v\u00e9lo avec Auriane \" width=\"300\" height=\"149\" srcset=\"http:\/\/www.lookit.org\/blog\/wp-content\/uploads\/2017\/10\/Capture-d\u2019e\u0301cran-2017-10-16-a\u0300-13.04.43-300x149.png 300w, http:\/\/www.lookit.org\/blog\/wp-content\/uploads\/2017\/10\/Capture-d\u2019e\u0301cran-2017-10-16-a\u0300-13.04.43-768x383.png 768w, http:\/\/www.lookit.org\/blog\/wp-content\/uploads\/2017\/10\/Capture-d\u2019e\u0301cran-2017-10-16-a\u0300-13.04.43.png 787w\" sizes=\"auto, (max-width: 300px) 100vw, 300px\" \/><\/a><figcaption id=\"caption-attachment-3204\" class=\"wp-caption-text\">Ma sortie de v\u00e9lo avec Auriane<\/figcaption><\/figure>\n","protected":false},"excerpt":{"rendered":"<p>Une balade d&rsquo;Automne comme on les aime bien \ud83d\ude42 Ce matin nous avons m\u00eame pu rajouter quelques positions de Yoga et laisser mon fils se faire plaisir en prenant quelques photos.&nbsp;&nbsp; Ressentir la nature, contr\u00f4ler sa respiration &#8230; \u00eatre ma\u00eetre de sa vie !&nbsp; L&rsquo;automne reste ma saison pr\u00e9f\u00e9r\u00e9e : pas de grosses chaleurs , [&hellip;]<\/p>\n","protected":false},"author":1,"featured_media":0,"comment_status":"open","ping_status":"open","sticky":false,"template":"","format":"standard","meta":{"jetpack_post_was_ever_published":false,"_jetpack_newsletter_access":"","_jetpack_dont_email_post_to_subs":false,"_jetpack_newsletter_tier_id":0,"_jetpack_memberships_contains_paywalled_content":false,"_jetpack_memberships_contains_paid_content":false,"footnotes":"","jetpack_publicize_message":"","jetpack_publicize_feature_enabled":true,"jetpack_social_post_already_shared":true,"jetpack_social_options":{"image_generator_settings":{"template":"highway","default_image_id":0,"font":"","enabled":false},"version":2}},"categories":[3],"tags":[],"class_list":["post-3202","post","type-post","status-publish","format-standard","hentry","category-sorties"],"jetpack_publicize_connections":[],"jetpack_featured_media_url":"","jetpack_shortlink":"https:\/\/wp.me\/pWrTo-PE","jetpack_sharing_enabled":true,"jetpack_likes_enabled":true,"_links":{"self":[{"href":"http:\/\/www.lookit.org\/blog\/index.php?rest_route=\/wp\/v2\/posts\/3202","targetHints":{"allow":["GET"]}}],"collection":[{"href":"http:\/\/www.lookit.org\/blog\/index.php?rest_route=\/wp\/v2\/posts"}],"about":[{"href":"http:\/\/www.lookit.org\/blog\/index.php?rest_route=\/wp\/v2\/types\/post"}],"author":[{"embeddable":true,"href":"http:\/\/www.lookit.org\/blog\/index.php?rest_route=\/wp\/v2\/users\/1"}],"replies":[{"embeddable":true,"href":"http:\/\/www.lookit.org\/blog\/index.php?rest_route=%2Fwp%2Fv2%2Fcomments&post=3202"}],"version-history":[{"count":4,"href":"http:\/\/www.lookit.org\/blog\/index.php?rest_route=\/wp\/v2\/posts\/3202\/revisions"}],"predecessor-version":[{"id":3208,"href":"http:\/\/www.lookit.org\/blog\/index.php?rest_route=\/wp\/v2\/posts\/3202\/revisions\/3208"}],"wp:attachment":[{"href":"http:\/\/www.lookit.org\/blog\/index.php?rest_route=%2Fwp%2Fv2%2Fmedia&parent=3202"}],"wp:term":[{"taxonomy":"category","embeddable":true,"href":"http:\/\/www.lookit.org\/blog\/index.php?rest_route=%2Fwp%2Fv2%2Fcategories&post=3202"},{"taxonomy":"post_tag","embeddable":true,"href":"http:\/\/www.lookit.org\/blog\/index.php?rest_route=%2Fwp%2Fv2%2Ftags&post=3202"}],"curies":[{"name":"wp","href":"https:\/\/api.w.org\/{rel}","templated":true}]}}