{"id":3403,"date":"2018-04-16T18:30:04","date_gmt":"2018-04-16T16:30:04","guid":{"rendered":"http:\/\/www.lookit.org\/blog\/?p=3403"},"modified":"2018-04-17T10:02:00","modified_gmt":"2018-04-17T08:02:00","slug":"alphubel-suisse-4206m-042018","status":"publish","type":"post","link":"http:\/\/www.lookit.org\/blog\/?p=3403","title":{"rendered":"Alphubel &#8211; Suisse &#8211; 4206m &#8211; 042018"},"content":{"rendered":"<figure id=\"attachment_3404\" aria-describedby=\"caption-attachment-3404\" style=\"width: 300px\" class=\"wp-caption alignleft\"><a href=\"http:\/\/www.lookit.org\/blog\/wp-content\/uploads\/2018\/04\/300_P1070149.jpg\"><img loading=\"lazy\" decoding=\"async\" data-attachment-id=\"3404\" data-permalink=\"http:\/\/www.lookit.org\/blog\/?attachment_id=3404\" data-orig-file=\"http:\/\/www.lookit.org\/blog\/wp-content\/uploads\/2018\/04\/300_P1070149.jpg\" data-orig-size=\"300,168\" data-comments-opened=\"1\" data-image-meta=\"{&quot;aperture&quot;:&quot;5.6&quot;,&quot;credit&quot;:&quot;&quot;,&quot;camera&quot;:&quot;DMC-TZ101&quot;,&quot;caption&quot;:&quot;&quot;,&quot;created_timestamp&quot;:&quot;1523788552&quot;,&quot;copyright&quot;:&quot;&quot;,&quot;focal_length&quot;:&quot;9.1&quot;,&quot;iso&quot;:&quot;125&quot;,&quot;shutter_speed&quot;:&quot;0.0005&quot;,&quot;title&quot;:&quot;&quot;,&quot;orientation&quot;:&quot;0&quot;}\" data-image-title=\"Alphubel &amp;#8211; 042018\" data-image-description=\"&lt;p&gt;Alphubel &amp;#8211; 042018&lt;\/p&gt;\n\" data-image-caption=\"&lt;p&gt;Alphubel &amp;#8211; 042018&lt;\/p&gt;\n\" data-large-file=\"http:\/\/www.lookit.org\/blog\/wp-content\/uploads\/2018\/04\/300_P1070149.jpg\" class=\"size-full wp-image-3404\" src=\"http:\/\/www.lookit.org\/blog\/wp-content\/uploads\/2018\/04\/300_P1070149.jpg\" alt=\"Alphubel - 042018\" width=\"300\" height=\"168\"><\/a><figcaption id=\"caption-attachment-3404\" class=\"wp-caption-text\">Alphubel &#8211; 042018<\/figcaption><\/figure>\n<p>Ca faisait longtemps &#8230; 4 ans &#8230; que je n&rsquo;avais pas un grand sommet. Ca correspond \u00e0 l&rsquo;\u00e2ge o\u00f9 Esteban est devenu grand avec des capacit\u00e9s \u00e0 se mouvoir par lui m\u00eame ! Mon Dieu que \u00e7a passe vite ! Mais 26 Sommets sans les doublons \u00e0 plus de 4000m quand m\u00eame !<\/p>\n<p>L&rsquo;Alphubel \u00e9tait un sommet que je voulais faire \u00e0 la journ\u00e9e en m\u00eame temps que l&rsquo;Allalin il y a 4 ans &#8230; mais les conditions n&rsquo;\u00e9taient pas assez bonnes pour que cela soit possible ! That&rsquo;s life, on ne commande pas Dame Nature \ud83d\ude42&nbsp;<\/p>\n<p>Apr\u00e8s avoir repouss\u00e9 \u00e0 2 reprises ce week-end \u00e0 cause de la m\u00e9t\u00e9o , et gr\u00e2ce aussi au gardien DAVID du \u00ab\u00a0refuge\u00a0\u00bb Langfluh, nous avons ENFIN pu r\u00e9aliser cette mont\u00e9e \u00e0 ski. Il n&rsquo;y avait que 1350m de D+ mais pour arriver \u00e0 4206m avec un effort plus important.<\/p>\n<p>Nous l&rsquo;avons tous senti \u00e0 l&rsquo;arriv\u00e9e puisque la derni\u00e8re partie est la plus raide &#8230; Au sommet le vent nous attendait &#8230; Juste le temps de faire quelques photos et on redescendait dans la foul\u00e9e &#8230;. mais toujours s\u00e9curis\u00e9 : une visibilit\u00e9 bonne mais pas au top donc descente en visu avec des arr\u00eats fr\u00e9quents.<\/p>\n<p>Nous sommes partis \u00e0 6h00 p\u00e9tante du refuge pour atteindre le sommet \u00e0 10h15 ( 4h15 avec une pause \u00e0 900m de D+ pour 1350m de D+ totaux ), retour par le refuge o\u00f9 on s&rsquo;est fait offrir le schnaps et une bi\u00e8re avant de reprendre d\u00e9finitivement la derni\u00e8re partie de la descente ( au total 2400m de D- , cf C2C ) dans une combe HORS PISTE !<\/p>\n<p>En tous cas , nous avons eu de la bonne neige &#8230; diff\u00e9rente \u00e0 tous les \u00e9tages, mais toujours bonne quand m\u00eame &#8230; Le rythme \u00e9tait bon, la trace moyenne dans l&rsquo;ensemble ( il a fallu la refaire car il a neig\u00e9 &#8230;&#8230; 1 m\u00e8tre 2 jours avant qu&rsquo;on arrive &#8230; et la trace de la veille \u00e9tait parfois cach\u00e9e sur le haut &#8230; en m\u00eame temps l&rsquo;itin\u00e9raire \u00e9tait tr\u00e8s facile \u00e0 lire sur place )<\/p>\n<p>Les crevasses bien bouch\u00e9es &#8230; le risque \u00e9tait bien faible, nous avons bien fait d&rsquo;attendre un mois pour y aller \ud83d\ude42 , la suite dans 2 semaines pour le Combin \u00d4 combien d\u00e9sir\u00e9 &#8230; ou \u00ab\u00a0Los Weissmos\u00a0\u00bb &#8230; A voir \ud83d\ude42&nbsp;<\/p>\n<p>[box type=\u00a0\u00bbinfo\u00a0\u00bb] Les photos de la sortie : <a href=\"http:\/\/www.lookit.org\/gallerie3\/index.php\/Alphubel_042018\" target=\"_blank\" rel=\"noopener\">ICI<\/a>[\/box]<\/p>\n","protected":false},"excerpt":{"rendered":"<p>Ca faisait longtemps &#8230; 4 ans &#8230; que je n&rsquo;avais pas un grand sommet. Ca correspond \u00e0 l&rsquo;\u00e2ge o\u00f9 Esteban est devenu grand avec des capacit\u00e9s \u00e0 se mouvoir par lui m\u00eame ! Mon Dieu que \u00e7a passe vite ! Mais 26 Sommets sans les doublons \u00e0 plus de 4000m quand m\u00eame ! L&rsquo;Alphubel \u00e9tait [&hellip;]<\/p>\n","protected":false},"author":1,"featured_media":0,"comment_status":"open","ping_status":"open","sticky":false,"template":"","format":"standard","meta":{"jetpack_post_was_ever_published":false,"_jetpack_newsletter_access":"","_jetpack_dont_email_post_to_subs":false,"_jetpack_newsletter_tier_id":0,"_jetpack_memberships_contains_paywalled_content":false,"_jetpack_memberships_contains_paid_content":false,"footnotes":"","jetpack_publicize_message":"","jetpack_publicize_feature_enabled":true,"jetpack_social_post_already_shared":true,"jetpack_social_options":{"image_generator_settings":{"template":"highway","default_image_id":0,"font":"","enabled":false},"version":2}},"categories":[9],"tags":[],"class_list":["post-3403","post","type-post","status-publish","format-standard","hentry","category-sport"],"jetpack_publicize_connections":[],"jetpack_featured_media_url":"","jetpack_shortlink":"https:\/\/wp.me\/pWrTo-ST","jetpack_sharing_enabled":true,"jetpack_likes_enabled":true,"_links":{"self":[{"href":"http:\/\/www.lookit.org\/blog\/index.php?rest_route=\/wp\/v2\/posts\/3403","targetHints":{"allow":["GET"]}}],"collection":[{"href":"http:\/\/www.lookit.org\/blog\/index.php?rest_route=\/wp\/v2\/posts"}],"about":[{"href":"http:\/\/www.lookit.org\/blog\/index.php?rest_route=\/wp\/v2\/types\/post"}],"author":[{"embeddable":true,"href":"http:\/\/www.lookit.org\/blog\/index.php?rest_route=\/wp\/v2\/users\/1"}],"replies":[{"embeddable":true,"href":"http:\/\/www.lookit.org\/blog\/index.php?rest_route=%2Fwp%2Fv2%2Fcomments&post=3403"}],"version-history":[{"count":6,"href":"http:\/\/www.lookit.org\/blog\/index.php?rest_route=\/wp\/v2\/posts\/3403\/revisions"}],"predecessor-version":[{"id":3413,"href":"http:\/\/www.lookit.org\/blog\/index.php?rest_route=\/wp\/v2\/posts\/3403\/revisions\/3413"}],"wp:attachment":[{"href":"http:\/\/www.lookit.org\/blog\/index.php?rest_route=%2Fwp%2Fv2%2Fmedia&parent=3403"}],"wp:term":[{"taxonomy":"category","embeddable":true,"href":"http:\/\/www.lookit.org\/blog\/index.php?rest_route=%2Fwp%2Fv2%2Fcategories&post=3403"},{"taxonomy":"post_tag","embeddable":true,"href":"http:\/\/www.lookit.org\/blog\/index.php?rest_route=%2Fwp%2Fv2%2Ftags&post=3403"}],"curies":[{"name":"wp","href":"https:\/\/api.w.org\/{rel}","templated":true}]}}