{"id":838,"date":"2011-09-04T20:43:02","date_gmt":"2011-09-04T18:43:02","guid":{"rendered":"http:\/\/www.lookit.org\/blog\/?p=838"},"modified":"2011-09-04T20:43:02","modified_gmt":"2011-09-04T18:43:02","slug":"pointe-percee-par-doran-col-des-verts-2752m-092011","status":"publish","type":"post","link":"http:\/\/www.lookit.org\/blog\/?p=838","title":{"rendered":"Pointe Perc\u00e9e par Doran, Col des Verts, 2752m &#8211; 092011"},"content":{"rendered":"<p>Et bien voil\u00e0 une belle journ\u00e9e qui s&rsquo;annon\u00e7ait plus que mauvaise avec de la pluie &#8230; 6 au d\u00e9part de cette ballade de 1800 de D+ pour finir en haut du point culminant la chaine des Aravis de notre belle r\u00e9gion : la pointe Perc\u00e9e &#8230; qui l&rsquo;est vraiment, preuve \u00e0 l&rsquo;appui. Je voulais faire cette petite ascencion non pas par la voie normale mais par le col des Verts qui repr\u00e9sente quelques petites \u00ab\u00a0difficult\u00e9s\u00a0\u00bb. La voie normale faisant 900m de D+ et sans grands pas de \u00ab\u00a0pieds-mains\u00a0\u00bb, la voie du col des Verts repr\u00e9sente par contre une attention un peu plus pouss\u00e9e, sans forc\u00e9ment utiliser la corde tout le temps. Repas \u00e0 midi au soleil et une redescente assez rapide ponctu\u00e9e par un arr\u00eat : bi\u00e8re-tarte au refuge Doran. Une pluie fine nous a \u00e0 peine surpris quelques dizaines de minutes avant l&rsquo;arriv\u00e9e, ouf ! 16,5kms, 1800m D+, une bonne tarte et une bonne Leffe \ud83d\ude42 <a href=\"http:\/\/www.lookit.org\/gallerie\/#photo=3266\/album=130\" target=\"_blank\">VOICI LES PHOTOS<\/a><\/p>\n<p style=\"text-align: center;\">[wp_geo_map]<\/p>\n","protected":false},"excerpt":{"rendered":"<p>Et bien voil\u00e0 une belle journ\u00e9e qui s&rsquo;annon\u00e7ait plus que mauvaise avec de la pluie &#8230; 6 au d\u00e9part de cette ballade de 1800 de D+ pour finir en haut du point culminant la chaine des Aravis de notre belle r\u00e9gion : la pointe Perc\u00e9e &#8230; qui l&rsquo;est vraiment, preuve \u00e0 l&rsquo;appui. Je voulais faire [&hellip;]<\/p>\n","protected":false},"author":1,"featured_media":0,"comment_status":"closed","ping_status":"closed","sticky":false,"template":"","format":"standard","meta":{"jetpack_post_was_ever_published":false,"_jetpack_newsletter_access":"","_jetpack_dont_email_post_to_subs":false,"_jetpack_newsletter_tier_id":0,"_jetpack_memberships_contains_paywalled_content":false,"_jetpack_memberships_contains_paid_content":false,"footnotes":"","jetpack_publicize_message":"","jetpack_publicize_feature_enabled":true,"jetpack_social_post_already_shared":false,"jetpack_social_options":{"image_generator_settings":{"template":"highway","default_image_id":0,"font":"","enabled":false},"version":2}},"categories":[3],"tags":[],"class_list":["post-838","post","type-post","status-publish","format-standard","hentry","category-sorties"],"jetpack_publicize_connections":[],"jetpack_featured_media_url":"","jetpack_shortlink":"https:\/\/wp.me\/pWrTo-dw","jetpack_sharing_enabled":true,"jetpack_likes_enabled":true,"_links":{"self":[{"href":"http:\/\/www.lookit.org\/blog\/index.php?rest_route=\/wp\/v2\/posts\/838","targetHints":{"allow":["GET"]}}],"collection":[{"href":"http:\/\/www.lookit.org\/blog\/index.php?rest_route=\/wp\/v2\/posts"}],"about":[{"href":"http:\/\/www.lookit.org\/blog\/index.php?rest_route=\/wp\/v2\/types\/post"}],"author":[{"embeddable":true,"href":"http:\/\/www.lookit.org\/blog\/index.php?rest_route=\/wp\/v2\/users\/1"}],"replies":[{"embeddable":true,"href":"http:\/\/www.lookit.org\/blog\/index.php?rest_route=%2Fwp%2Fv2%2Fcomments&post=838"}],"version-history":[{"count":0,"href":"http:\/\/www.lookit.org\/blog\/index.php?rest_route=\/wp\/v2\/posts\/838\/revisions"}],"wp:attachment":[{"href":"http:\/\/www.lookit.org\/blog\/index.php?rest_route=%2Fwp%2Fv2%2Fmedia&parent=838"}],"wp:term":[{"taxonomy":"category","embeddable":true,"href":"http:\/\/www.lookit.org\/blog\/index.php?rest_route=%2Fwp%2Fv2%2Fcategories&post=838"},{"taxonomy":"post_tag","embeddable":true,"href":"http:\/\/www.lookit.org\/blog\/index.php?rest_route=%2Fwp%2Fv2%2Ftags&post=838"}],"curies":[{"name":"wp","href":"https:\/\/api.w.org\/{rel}","templated":true}]}}